{"id":28450,"date":"2026-09-03T12:48:28","date_gmt":"2026-09-03T18:48:28","guid":{"rendered":"https:\/\/cronicadesoledad.com\/?p=28450"},"modified":"2026-09-03T12:51:50","modified_gmt":"2026-09-03T18:51:50","slug":"detienen-al-lider-criminal-de-los-rusos","status":"publish","type":"post","link":"https:\/\/cronicadesoledad.com\/index.php\/2026\/09\/03\/detienen-al-lider-criminal-de-los-rusos\/","title":{"rendered":"Detienen a Ulisses \u201cN\u201d, alias \u201cEl Gob\u00e9n\u201d"},"content":{"rendered":"\n<p class=\"wp-block-paragraph\">Gov\u00e9n Ulisses \u201cN\u201d, alias \u201cEl Gob\u00e9n\u201d y \u201cEl Amarillo\u201d, fue detenido junto con dos presuntos escoltas durante un operativo federal realizado en Lomas de Angel\u00f3polis, Puebla, inform\u00f3 el secretario de Seguridad y Protecci\u00f3n Ciudadana, Omar Garc\u00eda Harfuch.<\/p>\n\n\n\n<p class=\"wp-block-paragraph\">De acuerdo con las autoridades, el detenido es se\u00f1alado como presunto dirigente de una c\u00e9lula delictiva relacionada con el grupo criminal conocido como \u201cLos Rusos\u201d, cuya operaci\u00f3n se concentra principalmente en Acapulco, Guerrero.<\/p>\n\n\n\n<p class=\"wp-block-paragraph\">Gov\u00e9n Ulisses \u201cN\u201d era considerado un objetivo prioritario debido a su presunta participaci\u00f3n en actividades delictivas relacionadas con extorsiones, secuestros, privaci\u00f3n ilegal de la libertad, homicidios y tr\u00e1fico y distribuci\u00f3n de drogas.<\/p>\n\n\n\n<p class=\"wp-block-paragraph\">La captura fue resultado de trabajos de inteligencia e investigaci\u00f3n desarrollados por la Agencia de Investigaci\u00f3n Criminal y la Fiscal\u00eda Especializada en Materia de Delincuencia Organizada de la Fiscal\u00eda General de la Rep\u00fablica, en coordinaci\u00f3n con la Secretar\u00eda de Seguridad y Protecci\u00f3n Ciudadana y la Secretar\u00eda de Marina.<\/p>\n\n\n\n<p class=\"wp-block-paragraph\">En las acciones tambi\u00e9n participaron elementos del Centro Nacional de Inteligencia, as\u00ed como autoridades de Puebla y Guerrero.<\/p>\n\n\n\n<p class=\"wp-block-paragraph\">Durante el operativo fueron detenidas otras dos personas, quienes son se\u00f1aladas como presuntos integrantes del c\u00edrculo de seguridad de \u201cEl Gob\u00e9n\u201d y que aparentemente se desempe\u00f1aban como sus escoltas.<\/p>\n\n\n\n<p class=\"wp-block-paragraph\">Las fuerzas federales tambi\u00e9n aseguraron armas, diversas cantidades de droga y veh\u00edculos de lujo. Hasta el momento, las autoridades no han informado el n\u00famero ni las caracter\u00edsticas de los objetos y sustancias decomisados.<\/p>\n\n\n\n<p class=\"wp-block-paragraph\">De manera paralela, se realizaron cateos en distintos inmuebles de la zona de Lomas de Angel\u00f3polis como parte de las investigaciones para identificar y desarticular la estructura criminal presuntamente relacionada con el detenido.<\/p>\n\n\n\n<p class=\"wp-block-paragraph\">Garc\u00eda Harfuch destac\u00f3 la coordinaci\u00f3n entre las instituciones federales y la colaboraci\u00f3n de los gobiernos de Puebla y Guerrero durante el despliegue operativo.<\/p>\n\n\n\n<p class=\"wp-block-paragraph\">Los tres detenidos quedaron a disposici\u00f3n de la autoridad ministerial correspondiente, que deber\u00e1 determinar su situaci\u00f3n jur\u00eddica y continuar con las investigaciones para establecer su probable responsabilidad en los delitos que se les atribuyen.<\/p>\n","protected":false},"excerpt":{"rendered":"<p>Gov\u00e9n Ulisses \u201cN\u201d, alias \u201cEl Gob\u00e9n\u201d y \u201cEl Amarillo\u201d, fue detenido junto con dos presuntos escoltas durante un operativo federal realizado en Lomas de Angel\u00f3polis, Puebla, inform\u00f3 el secretario de Seguridad y Protecci\u00f3n Ciudadana, Omar Garc\u00eda Harfuch. De acuerdo con las autoridades, el detenido es se\u00f1alado como presunto dirigente de una c\u00e9lula delictiva relacionada con [&hellip;]<\/p>\n","protected":false},"author":24,"featured_media":28451,"comment_status":"open","ping_status":"open","sticky":false,"template":"","format":"standard","meta":{"footnotes":""},"categories":[1,24],"tags":[],"class_list":["post-28450","post","type-post","status-publish","format-standard","has-post-thumbnail","category-destacadas","category-informacion-general"],"_links":{"self":[{"href":"https:\/\/cronicadesoledad.com\/index.php\/wp-json\/wp\/v2\/posts\/28450","targetHints":{"allow":["GET"]}}],"collection":[{"href":"https:\/\/cronicadesoledad.com\/index.php\/wp-json\/wp\/v2\/posts"}],"about":[{"href":"https:\/\/cronicadesoledad.com\/index.php\/wp-json\/wp\/v2\/types\/post"}],"author":[{"embeddable":true,"href":"https:\/\/cronicadesoledad.com\/index.php\/wp-json\/wp\/v2\/users\/24"}],"replies":[{"embeddable":true,"href":"https:\/\/cronicadesoledad.com\/index.php\/wp-json\/wp\/v2\/comments?post=28450"}],"version-history":[{"count":2,"href":"https:\/\/cronicadesoledad.com\/index.php\/wp-json\/wp\/v2\/posts\/28450\/revisions"}],"predecessor-version":[{"id":28453,"href":"https:\/\/cronicadesoledad.com\/index.php\/wp-json\/wp\/v2\/posts\/28450\/revisions\/28453"}],"wp:featuredmedia":[{"embeddable":true,"href":"https:\/\/cronicadesoledad.com\/index.php\/wp-json\/wp\/v2\/media\/28451"}],"wp:attachment":[{"href":"https:\/\/cronicadesoledad.com\/index.php\/wp-json\/wp\/v2\/media?parent=28450"}],"wp:term":[{"taxonomy":"category","embeddable":true,"href":"https:\/\/cronicadesoledad.com\/index.php\/wp-json\/wp\/v2\/categories?post=28450"},{"taxonomy":"post_tag","embeddable":true,"href":"https:\/\/cronicadesoledad.com\/index.php\/wp-json\/wp\/v2\/tags?post=28450"}],"curies":[{"name":"wp","href":"https:\/\/api.w.org\/{rel}","templated":true}]}}