{"id":28467,"date":"2026-09-03T13:25:23","date_gmt":"2026-09-03T19:25:23","guid":{"rendered":"https:\/\/cronicadesoledad.com\/?p=28467"},"modified":"2026-09-03T13:25:23","modified_gmt":"2026-09-03T19:25:23","slug":"bloquean-carretea-a-zacatecas-en-protesta","status":"publish","type":"post","link":"https:\/\/cronicadesoledad.com\/index.php\/2026\/09\/03\/bloquean-carretea-a-zacatecas-en-protesta\/","title":{"rendered":"Bloquean carretea a Zacatecas en protesta"},"content":{"rendered":"\n<p class=\"wp-block-paragraph\">Habitantes de comunidades de Mexquitic de Carmona mantienen bloqueados varios puntos carreteros del municipio, entre ellos la carretera federal 49 San Luis Potos\u00ed-Zacatecas, como protesta por el retiro de l\u00edneas de transporte p\u00fablico en algunas localidades.<\/p>\n\n\n\n<p class=\"wp-block-paragraph\">El Ayuntamiento de Mexquitic inform\u00f3 que uno de los cierres se encuentra sobre la carretera a Zacatecas, a la altura de La Virgen, mientras que otro punto afectado se localiza en el camino que conduce a la comunidad de Las Moras.<\/p>\n\n\n\n<p class=\"wp-block-paragraph\">De acuerdo con el aviso oficial, los manifestantes exigen una soluci\u00f3n ante la suspensi\u00f3n o retiro de servicios de transporte que atend\u00edan a distintas comunidades del municipio.<\/p>\n\n\n\n<p class=\"wp-block-paragraph\">Los inconformes permanecen en espera de establecer una mesa de di\u00e1logo y recibir una respuesta por parte de la Secretar\u00eda de Comunicaciones y Transportes del Gobierno del Estado, dependencia responsable de la regulaci\u00f3n del servicio.<\/p>\n\n\n\n<p class=\"wp-block-paragraph\">El bloqueo ha provocado afectaciones a la circulaci\u00f3n en una de las principales v\u00edas que conecta a la capital potosina con Zacatecas, por lo que las autoridades municipales recomendaron a los automovilistas extremar precauciones y evitar las zonas afectadas en la medida de lo posible.<\/p>\n","protected":false},"excerpt":{"rendered":"<p>Habitantes de comunidades de Mexquitic de Carmona mantienen bloqueados varios puntos carreteros del municipio, entre ellos la carretera federal 49 San Luis Potos\u00ed-Zacatecas, como protesta por el retiro de l\u00edneas de transporte p\u00fablico en algunas localidades. El Ayuntamiento de Mexquitic inform\u00f3 que uno de los cierres se encuentra sobre la carretera a Zacatecas, a la [&hellip;]<\/p>\n","protected":false},"author":24,"featured_media":28468,"comment_status":"open","ping_status":"open","sticky":false,"template":"","format":"standard","meta":{"footnotes":""},"categories":[3163],"tags":[],"class_list":["post-28467","post","type-post","status-publish","format-standard","has-post-thumbnail","category-san-luis-potosi"],"_links":{"self":[{"href":"https:\/\/cronicadesoledad.com\/index.php\/wp-json\/wp\/v2\/posts\/28467","targetHints":{"allow":["GET"]}}],"collection":[{"href":"https:\/\/cronicadesoledad.com\/index.php\/wp-json\/wp\/v2\/posts"}],"about":[{"href":"https:\/\/cronicadesoledad.com\/index.php\/wp-json\/wp\/v2\/types\/post"}],"author":[{"embeddable":true,"href":"https:\/\/cronicadesoledad.com\/index.php\/wp-json\/wp\/v2\/users\/24"}],"replies":[{"embeddable":true,"href":"https:\/\/cronicadesoledad.com\/index.php\/wp-json\/wp\/v2\/comments?post=28467"}],"version-history":[{"count":1,"href":"https:\/\/cronicadesoledad.com\/index.php\/wp-json\/wp\/v2\/posts\/28467\/revisions"}],"predecessor-version":[{"id":28469,"href":"https:\/\/cronicadesoledad.com\/index.php\/wp-json\/wp\/v2\/posts\/28467\/revisions\/28469"}],"wp:featuredmedia":[{"embeddable":true,"href":"https:\/\/cronicadesoledad.com\/index.php\/wp-json\/wp\/v2\/media\/28468"}],"wp:attachment":[{"href":"https:\/\/cronicadesoledad.com\/index.php\/wp-json\/wp\/v2\/media?parent=28467"}],"wp:term":[{"taxonomy":"category","embeddable":true,"href":"https:\/\/cronicadesoledad.com\/index.php\/wp-json\/wp\/v2\/categories?post=28467"},{"taxonomy":"post_tag","embeddable":true,"href":"https:\/\/cronicadesoledad.com\/index.php\/wp-json\/wp\/v2\/tags?post=28467"}],"curies":[{"name":"wp","href":"https:\/\/api.w.org\/{rel}","templated":true}]}}