{"id":28470,"date":"2026-09-03T13:45:41","date_gmt":"2026-09-03T19:45:41","guid":{"rendered":"https:\/\/cronicadesoledad.com\/?p=28470"},"modified":"2026-09-03T13:45:42","modified_gmt":"2026-09-03T19:45:42","slug":"32-escuelas-soledenses-preparan-desfile-patriotico","status":"publish","type":"post","link":"https:\/\/cronicadesoledad.com\/index.php\/2026\/09\/03\/32-escuelas-soledenses-preparan-desfile-patriotico\/","title":{"rendered":"32 escuelas soledenses preparan desfile patri\u00f3tico"},"content":{"rendered":"\n<p class=\"wp-block-paragraph\">Con la participaci\u00f3n de alrededor de 32 planteles educativos, el Ayuntamiento de Soledad de Graciano S\u00e1nchez prepara el tradicional Desfile C\u00edvico del 16 de septiembre, como parte de las actividades conmemorativas por el aniversario de la Independencia de M\u00e9xico; la invitaci\u00f3n permanece abierta para que m\u00e1s instituciones educativas se sumen a esta celebraci\u00f3n que fortalece los valores c\u00edvicos y la identidad de las nuevas generaciones.<\/p>\n\n\n\n<p class=\"wp-block-paragraph\">Por encomienda del Alcalde Juan Manuel Navarro Mu\u00f1iz, la Direcci\u00f3n de Educaci\u00f3n y Acci\u00f3n C\u00edvica Municipal mantiene reuniones constantes con las y los directores de los planteles educativos participantes para organizar detalladamente cada aspecto del contingente. El recorrido conservar\u00e1 la ruta del a\u00f1o pasado, con salida desde el Jard\u00edn Principal de Soledad y conclusi\u00f3n en la calle 5 de Mayo, para que las familias puedan disfrutar de esta tradici\u00f3n en un ambiente de convivencia y orgullo soledense.<\/p>\n\n\n\n<p class=\"wp-block-paragraph\">Para garantizar un desarrollo \u00f3ptimo del evento y salvaguardar el bienestar de las y los participantes, se instalar\u00e1n m\u00f3dulos de hidrataci\u00f3n estrat\u00e9gicamente ubicados a lo largo de la ruta, asimismo, se desplegar\u00e1n un operativo vial y de seguridad integral orientado a agilizar la circulaci\u00f3n y salvaguardar la integridad f\u00edsica de las y los estudiantes, docentes y asistentes.<\/p>\n\n\n\n<p class=\"wp-block-paragraph\">La directora de Educaci\u00f3n y Acci\u00f3n C\u00edvica Municipal, Velia Guadalupe Castro Granja, destac\u00f3 que la convocatoria est\u00e1 abierta a todas las escuelas interesadas: \u201cLas escuelas que quieran sumarse son bienvenidas, estamos trabajando en estrecha coordinaci\u00f3n con los directivos para que este desfile sea una celebraci\u00f3n ordenada, segura y representativa de nuestra comunidad educativa\u201d.<\/p>\n","protected":false},"excerpt":{"rendered":"<p>Con la participaci\u00f3n de alrededor de 32 planteles educativos, el Ayuntamiento de Soledad de Graciano S\u00e1nchez prepara el tradicional Desfile C\u00edvico del 16 de septiembre, como parte de las actividades conmemorativas por el aniversario de la Independencia de M\u00e9xico; la invitaci\u00f3n permanece abierta para que m\u00e1s instituciones educativas se sumen a esta celebraci\u00f3n que fortalece [&hellip;]<\/p>\n","protected":false},"author":24,"featured_media":28471,"comment_status":"open","ping_status":"open","sticky":false,"template":"","format":"standard","meta":{"footnotes":""},"categories":[21],"tags":[],"class_list":["post-28470","post","type-post","status-publish","format-standard","has-post-thumbnail","category-tu-soledad"],"_links":{"self":[{"href":"https:\/\/cronicadesoledad.com\/index.php\/wp-json\/wp\/v2\/posts\/28470","targetHints":{"allow":["GET"]}}],"collection":[{"href":"https:\/\/cronicadesoledad.com\/index.php\/wp-json\/wp\/v2\/posts"}],"about":[{"href":"https:\/\/cronicadesoledad.com\/index.php\/wp-json\/wp\/v2\/types\/post"}],"author":[{"embeddable":true,"href":"https:\/\/cronicadesoledad.com\/index.php\/wp-json\/wp\/v2\/users\/24"}],"replies":[{"embeddable":true,"href":"https:\/\/cronicadesoledad.com\/index.php\/wp-json\/wp\/v2\/comments?post=28470"}],"version-history":[{"count":1,"href":"https:\/\/cronicadesoledad.com\/index.php\/wp-json\/wp\/v2\/posts\/28470\/revisions"}],"predecessor-version":[{"id":28472,"href":"https:\/\/cronicadesoledad.com\/index.php\/wp-json\/wp\/v2\/posts\/28470\/revisions\/28472"}],"wp:featuredmedia":[{"embeddable":true,"href":"https:\/\/cronicadesoledad.com\/index.php\/wp-json\/wp\/v2\/media\/28471"}],"wp:attachment":[{"href":"https:\/\/cronicadesoledad.com\/index.php\/wp-json\/wp\/v2\/media?parent=28470"}],"wp:term":[{"taxonomy":"category","embeddable":true,"href":"https:\/\/cronicadesoledad.com\/index.php\/wp-json\/wp\/v2\/categories?post=28470"},{"taxonomy":"post_tag","embeddable":true,"href":"https:\/\/cronicadesoledad.com\/index.php\/wp-json\/wp\/v2\/tags?post=28470"}],"curies":[{"name":"wp","href":"https:\/\/api.w.org\/{rel}","templated":true}]}}