{"id":28480,"date":"2026-09-04T12:18:25","date_gmt":"2026-09-04T18:18:25","guid":{"rendered":"https:\/\/cronicadesoledad.com\/?p=28480"},"modified":"2026-09-04T12:18:25","modified_gmt":"2026-09-04T18:18:25","slug":"encuentran-el-cuerpo-de-tatiana-en-villa-de-reyes","status":"publish","type":"post","link":"https:\/\/cronicadesoledad.com\/index.php\/2026\/09\/04\/encuentran-el-cuerpo-de-tatiana-en-villa-de-reyes\/","title":{"rendered":"Encuentran el cuerpo de Tatiana en Villa de Reyes"},"content":{"rendered":"\n<p class=\"wp-block-paragraph\">La Fiscal\u00eda General del Estado (FGE) confirm\u00f3 que el cuerpo localizado en Villa de Reyes corresponde a Tatiana Vanessa Almanza Garc\u00eda, ciudadana colombiana de 32 a\u00f1os que hab\u00eda sido reportada como desaparecida desde el pasado 28 de agosto en San Luis Potos\u00ed. La fiscal general Mar\u00eda Manuela Garc\u00eda C\u00e1zares inform\u00f3 que la identidad fue confirmada y que familiares de la v\u00edctima participaron en el proceso de reconocimiento. Los estudios forenses determinaron que la causa de muerte fue estrangulamiento.<\/p>\n\n\n\n<p class=\"wp-block-paragraph\">De acuerdo con la funcionaria, los primeros an\u00e1lisis no revelaron otros indicios de violencia ni evidencia de violencia sexual. El cuerpo presentaba signos de descomposici\u00f3n y fue encontrado envuelto en un tapete. Las investigaciones apuntan preliminarmente a que Tatiana habr\u00eda muerto el mismo d\u00eda de su desaparici\u00f3n. Explic\u00f3 que la mujer lleg\u00f3 a San Luis Potos\u00ed procedente de la Ciudad de M\u00e9xico el jueves al mediod\u00eda y desapareci\u00f3 al d\u00eda siguiente, aunque su ausencia fue reportada formalmente durante el fin de semana.<\/p>\n\n\n\n<p class=\"wp-block-paragraph\">Garc\u00eda C\u00e1zares se\u00f1al\u00f3 que ya existen algunos datos relacionados con posibles responsables. Hasta el momento no se han anunciado personas detenidas. Una prima de Tatiana viaj\u00f3 desde Colombia a San Luis Potos\u00ed y una amiga procedente de la Ciudad de M\u00e9xico tambi\u00e9n acudi\u00f3 para dar seguimiento al caso.<\/p>\n\n\n\n<p class=\"wp-block-paragraph\">El cuerpo permanece en el Servicio M\u00e9dico Legal y su eventual traslado a Colombia depender\u00e1 de la solicitud de la familia y del procedimiento sanitario necesario para autorizar el traslado internacional. La ficha de b\u00fasqueda de Tatiana Vanessa hab\u00eda sido emitida luego de que fuera vista por \u00faltima vez en la capital potosina. D\u00edas despu\u00e9s, el hallazgo de una mujer en Villa de Reyes con caracter\u00edsticas coincidentes llev\u00f3 a la Fiscal\u00eda a realizar los estudios que finalmente confirmaron su identidad.<\/p>\n","protected":false},"excerpt":{"rendered":"<p>La Fiscal\u00eda General del Estado (FGE) confirm\u00f3 que el cuerpo localizado en Villa de Reyes corresponde a Tatiana Vanessa Almanza Garc\u00eda, ciudadana colombiana de 32 a\u00f1os que hab\u00eda sido reportada como desaparecida desde el pasado 28 de agosto en San Luis Potos\u00ed. La fiscal general Mar\u00eda Manuela Garc\u00eda C\u00e1zares inform\u00f3 que la identidad fue confirmada [&hellip;]<\/p>\n","protected":false},"author":24,"featured_media":28481,"comment_status":"open","ping_status":"open","sticky":false,"template":"","format":"standard","meta":{"footnotes":""},"categories":[1,3163],"tags":[],"class_list":["post-28480","post","type-post","status-publish","format-standard","has-post-thumbnail","category-destacadas","category-san-luis-potosi"],"_links":{"self":[{"href":"https:\/\/cronicadesoledad.com\/index.php\/wp-json\/wp\/v2\/posts\/28480","targetHints":{"allow":["GET"]}}],"collection":[{"href":"https:\/\/cronicadesoledad.com\/index.php\/wp-json\/wp\/v2\/posts"}],"about":[{"href":"https:\/\/cronicadesoledad.com\/index.php\/wp-json\/wp\/v2\/types\/post"}],"author":[{"embeddable":true,"href":"https:\/\/cronicadesoledad.com\/index.php\/wp-json\/wp\/v2\/users\/24"}],"replies":[{"embeddable":true,"href":"https:\/\/cronicadesoledad.com\/index.php\/wp-json\/wp\/v2\/comments?post=28480"}],"version-history":[{"count":1,"href":"https:\/\/cronicadesoledad.com\/index.php\/wp-json\/wp\/v2\/posts\/28480\/revisions"}],"predecessor-version":[{"id":28482,"href":"https:\/\/cronicadesoledad.com\/index.php\/wp-json\/wp\/v2\/posts\/28480\/revisions\/28482"}],"wp:featuredmedia":[{"embeddable":true,"href":"https:\/\/cronicadesoledad.com\/index.php\/wp-json\/wp\/v2\/media\/28481"}],"wp:attachment":[{"href":"https:\/\/cronicadesoledad.com\/index.php\/wp-json\/wp\/v2\/media?parent=28480"}],"wp:term":[{"taxonomy":"category","embeddable":true,"href":"https:\/\/cronicadesoledad.com\/index.php\/wp-json\/wp\/v2\/categories?post=28480"},{"taxonomy":"post_tag","embeddable":true,"href":"https:\/\/cronicadesoledad.com\/index.php\/wp-json\/wp\/v2\/tags?post=28480"}],"curies":[{"name":"wp","href":"https:\/\/api.w.org\/{rel}","templated":true}]}}