{"id":28483,"date":"2026-09-04T14:29:40","date_gmt":"2026-09-04T20:29:40","guid":{"rendered":"https:\/\/cronicadesoledad.com\/?p=28483"},"modified":"2026-09-04T14:29:40","modified_gmt":"2026-09-04T20:29:40","slug":"6-mdp-en-ganancias-para-la-fenapo","status":"publish","type":"post","link":"https:\/\/cronicadesoledad.com\/index.php\/2026\/09\/04\/6-mdp-en-ganancias-para-la-fenapo\/","title":{"rendered":"6 mdp en ganancias para la FENAPO"},"content":{"rendered":"\n<p class=\"wp-block-paragraph\">Los 10 millones de personas que ingresaron en los 24 d\u00edas de la edici\u00f3n 2026 de la Feria Nacional Potosina (Fenapo), se contabilizaron a trav\u00e9s de las&nbsp;<strong>c\u00e1maras de videovigilancia<\/strong>, afirm\u00f3 el gobernador&nbsp;<strong>Ricardo Gallardo Cardona<\/strong>.<\/p>\n\n\n\n<p class=\"wp-block-paragraph\">Declar\u00f3 que la contabilizaci\u00f3n del aforo acumulado no se da a trav\u00e9s de alg\u00fan dispositivo que se le oprime un bot\u00f3n por cada persona ingresada, sino mediante el&nbsp;<strong>software<\/strong>&nbsp;que incluye la tecnolog\u00eda de videovigilancia de la Secretar\u00eda de Seguridad y Protecci\u00f3n Ciudadana (<strong>SSPC<\/strong>).<\/p>\n\n\n\n<p class=\"wp-block-paragraph\">&#8220;Son los conteos que nosotros tenemos. Tenemos nuestras c\u00e1maras&#8230; van haciendo conteos; todo est\u00e1 digitalizado&#8221;, sostuvo.<\/p>\n\n\n\n<p class=\"wp-block-paragraph\">Adem\u00e1s de los 10 millones de visitantes al complejo ferial, report\u00f3 que, hasta el momento se acumula una generaci\u00f3n de&nbsp;<strong>ganancias por m\u00e1s de 6 mil millones de pesos<\/strong>, distribuidas en los diferentes sectores econ\u00f3micos.<\/p>\n\n\n\n<p class=\"wp-block-paragraph\">Asever\u00f3 que derivado de un reporte de las diferentes c\u00e1maras empresariales de comercio, hoteler\u00eda, turismo, transporte, combustible y otros giros, se genera una base de datos que arroja una estimaci\u00f3n del impacto econ\u00f3mico por el desarrollo de la Fenapo.<\/p>\n\n\n\n<p class=\"wp-block-paragraph\">&#8220;La convivencia de los potosinos, es no s\u00e9&#8230; como un santuario ir a la feria. Ve\u00edas a los ni\u00f1os casi todos los d\u00edas, agarraban todo el mes de &#8216;party&#8217; y se la pasaron muy bien y m\u00e1s que un aspecto econ\u00f3mico, un aspecto de felicidad&#8221;, opin\u00f3.<\/p>\n\n\n\n<p class=\"wp-block-paragraph\">Las autoridades estatales han destacado que la Fenapo no solo funciona como escaparate festivo, sino como una plataforma econ\u00f3mica clave para San Luis Potos\u00ed, al concentrar en un mismo recinto oferta de entretenimiento, comercio, servicios y turismo. Con ello, el gobierno busca posicionar al estado como destino tur\u00edstico relevante en el verano.<\/p>\n\n\n\n<p class=\"wp-block-paragraph\">De forma paralela, medios locales han se\u00f1alado que las cifras forman parte de una narrativa oficial que busca subrayar el crecimiento de la Fenapo frente a ediciones anteriores, donde ya se hablaba de millones de asistentes y derramas superiores a los 5 mil millones de pesos. Aunque el gobierno presume r\u00e9cords hist\u00f3ricos, distintos portales han recordado que en a\u00f1os previos existieron dudas sobre la congruencia entre los aforos anunciados y la capacidad real del recinto.<\/p>\n\n\n\n<p class=\"wp-block-paragraph\">Para las y los comerciantes, la Fenapo representa uno de los momentos m\u00e1s fuertes del a\u00f1o en ventas: desde peque\u00f1as artesanas y productores regionales hasta negocios consolidados que instalan locales dentro del recinto ferial. La feria tambi\u00e9n impulsa la contrataci\u00f3n temporal de personal en \u00e1reas como servicio a clientes, seguridad privada, limpieza y log\u00edstica, espacios donde suelen emplearse muchas mujeres en condiciones diversas de estabilidad laboral.<\/p>\n\n\n\n<p class=\"wp-block-paragraph\">El sector hotelero report\u00f3 incrementos en ocupaci\u00f3n durante el periodo vacacional de verano, asociados tanto a la Fenapo como a otros atractivos del estado, en especial la Huasteca Potosina. Las cifras globales de turismo en San Luis Potos\u00ed para el verano 2026 hablan de una derrama superior a los 10 mil millones de pesos, donde la Fenapo aparece como uno de los principales detonantes.<\/p>\n","protected":false},"excerpt":{"rendered":"<p>Los 10 millones de personas que ingresaron en los 24 d\u00edas de la edici\u00f3n 2026 de la Feria Nacional Potosina (Fenapo), se contabilizaron a trav\u00e9s de las&nbsp;c\u00e1maras de videovigilancia, afirm\u00f3 el gobernador&nbsp;Ricardo Gallardo Cardona. Declar\u00f3 que la contabilizaci\u00f3n del aforo acumulado no se da a trav\u00e9s de alg\u00fan dispositivo que se le oprime un bot\u00f3n [&hellip;]<\/p>\n","protected":false},"author":24,"featured_media":28484,"comment_status":"open","ping_status":"open","sticky":false,"template":"","format":"standard","meta":{"footnotes":""},"categories":[1,3163],"tags":[],"class_list":["post-28483","post","type-post","status-publish","format-standard","has-post-thumbnail","category-destacadas","category-san-luis-potosi"],"_links":{"self":[{"href":"https:\/\/cronicadesoledad.com\/index.php\/wp-json\/wp\/v2\/posts\/28483","targetHints":{"allow":["GET"]}}],"collection":[{"href":"https:\/\/cronicadesoledad.com\/index.php\/wp-json\/wp\/v2\/posts"}],"about":[{"href":"https:\/\/cronicadesoledad.com\/index.php\/wp-json\/wp\/v2\/types\/post"}],"author":[{"embeddable":true,"href":"https:\/\/cronicadesoledad.com\/index.php\/wp-json\/wp\/v2\/users\/24"}],"replies":[{"embeddable":true,"href":"https:\/\/cronicadesoledad.com\/index.php\/wp-json\/wp\/v2\/comments?post=28483"}],"version-history":[{"count":1,"href":"https:\/\/cronicadesoledad.com\/index.php\/wp-json\/wp\/v2\/posts\/28483\/revisions"}],"predecessor-version":[{"id":28485,"href":"https:\/\/cronicadesoledad.com\/index.php\/wp-json\/wp\/v2\/posts\/28483\/revisions\/28485"}],"wp:featuredmedia":[{"embeddable":true,"href":"https:\/\/cronicadesoledad.com\/index.php\/wp-json\/wp\/v2\/media\/28484"}],"wp:attachment":[{"href":"https:\/\/cronicadesoledad.com\/index.php\/wp-json\/wp\/v2\/media?parent=28483"}],"wp:term":[{"taxonomy":"category","embeddable":true,"href":"https:\/\/cronicadesoledad.com\/index.php\/wp-json\/wp\/v2\/categories?post=28483"},{"taxonomy":"post_tag","embeddable":true,"href":"https:\/\/cronicadesoledad.com\/index.php\/wp-json\/wp\/v2\/tags?post=28483"}],"curies":[{"name":"wp","href":"https:\/\/api.w.org\/{rel}","templated":true}]}}