{"id":2949,"date":"2023-01-05T17:23:07","date_gmt":"2023-01-05T23:23:07","guid":{"rendered":"https:\/\/cronicadesoledad.com\/?p=2949"},"modified":"2023-01-05T17:23:08","modified_gmt":"2023-01-05T23:23:08","slug":"vecinos-agradecen-rehabilitacion-y-modernizacion-de-la-unidad-habitacional-pavon","status":"publish","type":"post","link":"https:\/\/cronicadesoledad.com\/index.php\/2023\/01\/05\/vecinos-agradecen-rehabilitacion-y-modernizacion-de-la-unidad-habitacional-pavon\/","title":{"rendered":"Vecinos agradecen rehabilitaci\u00f3n y modernizaci\u00f3n de la Unidad Habitacional Pav\u00f3n"},"content":{"rendered":"\n<p>La rehabilitaci\u00f3n y modernizaci\u00f3n de la Unidad Habitacional Pav\u00f3n, sentar\u00e1 un precedente en la zona, ya que las obras permitir\u00e1n que las viviendas del per\u00edmetro obtengan mayor plusval\u00eda, coincidieron habitantes del sector tras agradecer al Gobernador del Estado, Ricardo Gallardo Cardona y a la Presidenta Municipal de Soledad, Leonor Noyola Cervantes por el apoyo recibido en la mejora de los condominios y espacios p\u00fablicos del lugar.<\/p>\n\n\n\n<p>Adelina M\u00e9ndez Garc\u00eda, habitante del sector, se dijo complacida de las obras anunciadas &#8220;Estamos muy contentos con todas las obras que se est\u00e1n haciendo y si nos gustar\u00eda tener un \u00e1rea verde cerca de la casa&#8221;, se\u00f1al\u00f3.<\/p>\n\n\n\n<p>Dolores M\u00e9ndez Verrones, habitante de la Unidad Habitacional Pav\u00f3n, destac\u00f3 la gran labor de la jefa de gobierno municipal, lo cual hoy permite una mejora en la calidad de vida de las y los soledenses &#8220;me parece perfecto, est\u00e1 trabajando muy bien, me gusta su ambiente y la manera de apoyarnos, muchas gracias a la alcaldesa y al Gobernador que han estado haciendo muy buen trabajo&#8221; se\u00f1al\u00f3.<\/p>\n\n\n\n<p>Mar\u00eda del Carmen Torres Guerrero agreg\u00f3 que las canchas deportivas y espacios de juego que se habilitar\u00e1n en la zona, favorecer\u00e1n el desarrollo integral de los menores que habitan el fraccionamiento.<\/p>\n\n\n\n<p>&#8220;La verdad est\u00e1 muy bien esta rehabilitaci\u00f3n, confiamos que ser\u00e1 una zona segura a la cual nuestros ni\u00f1os van a poder salir a jugar&#8221;, mencion\u00f3.<\/p>\n\n\n\n<p>Ninfa Guevara, habitante de la zona desde hace 30 a\u00f1os, se\u00f1al\u00f3 que durante varios a\u00f1os la colonia estuvo abandonada, sin embargo, la llegada de Ricardo Gallardo Cardona al poder y el trabajo de la alcaldesa, Leonor Noyola Cervantes, ha permitido que la Unidad Habitacional Pav\u00f3n progrese de forma satisfactoria.<\/p>\n\n\n\n<p>Agradeci\u00f3 la labor de las autoridades por mejorar la calidad de vida de todos sus gobernados y se comprometieron a cuidar los espacios que sean rehabilitados en el per\u00edmetro.<\/p>\n","protected":false},"excerpt":{"rendered":"<p>La rehabilitaci\u00f3n y modernizaci\u00f3n de la Unidad Habitacional Pav\u00f3n, sentar\u00e1 un precedente en la zona, ya que las obras permitir\u00e1n que las viviendas del per\u00edmetro obtengan mayor plusval\u00eda, coincidieron habitantes del sector tras agradecer al Gobernador del Estado, Ricardo Gallardo Cardona y a la Presidenta Municipal de Soledad, Leonor Noyola Cervantes por el apoyo recibido [&hellip;]<\/p>\n","protected":false},"author":2,"featured_media":2950,"comment_status":"open","ping_status":"open","sticky":false,"template":"","format":"standard","meta":{"footnotes":""},"categories":[21],"tags":[],"class_list":{"0":"post-2949","1":"post","2":"type-post","3":"status-publish","4":"format-standard","5":"has-post-thumbnail","7":"category-tu-soledad"},"_links":{"self":[{"href":"https:\/\/cronicadesoledad.com\/index.php\/wp-json\/wp\/v2\/posts\/2949","targetHints":{"allow":["GET"]}}],"collection":[{"href":"https:\/\/cronicadesoledad.com\/index.php\/wp-json\/wp\/v2\/posts"}],"about":[{"href":"https:\/\/cronicadesoledad.com\/index.php\/wp-json\/wp\/v2\/types\/post"}],"author":[{"embeddable":true,"href":"https:\/\/cronicadesoledad.com\/index.php\/wp-json\/wp\/v2\/users\/2"}],"replies":[{"embeddable":true,"href":"https:\/\/cronicadesoledad.com\/index.php\/wp-json\/wp\/v2\/comments?post=2949"}],"version-history":[{"count":1,"href":"https:\/\/cronicadesoledad.com\/index.php\/wp-json\/wp\/v2\/posts\/2949\/revisions"}],"predecessor-version":[{"id":2951,"href":"https:\/\/cronicadesoledad.com\/index.php\/wp-json\/wp\/v2\/posts\/2949\/revisions\/2951"}],"wp:featuredmedia":[{"embeddable":true,"href":"https:\/\/cronicadesoledad.com\/index.php\/wp-json\/wp\/v2\/media\/2950"}],"wp:attachment":[{"href":"https:\/\/cronicadesoledad.com\/index.php\/wp-json\/wp\/v2\/media?parent=2949"}],"wp:term":[{"taxonomy":"category","embeddable":true,"href":"https:\/\/cronicadesoledad.com\/index.php\/wp-json\/wp\/v2\/categories?post=2949"},{"taxonomy":"post_tag","embeddable":true,"href":"https:\/\/cronicadesoledad.com\/index.php\/wp-json\/wp\/v2\/tags?post=2949"}],"curies":[{"name":"wp","href":"https:\/\/api.w.org\/{rel}","templated":true}]}}