{"id":3199,"date":"2023-02-02T19:00:26","date_gmt":"2023-02-03T01:00:26","guid":{"rendered":"https:\/\/cronicadesoledad.com\/?p=3199"},"modified":"2023-02-02T19:00:26","modified_gmt":"2023-02-03T01:00:26","slug":"concluyo-con-exito-el-ubrton","status":"publish","type":"post","link":"https:\/\/cronicadesoledad.com\/index.php\/2023\/02\/02\/concluyo-con-exito-el-ubrton\/","title":{"rendered":"Concluy\u00f3 con \u00e9xito el &#8220;UBRTON&#8221;"},"content":{"rendered":"\n<p>Concluy\u00f3 con \u00e9xito el UBRTON 2022-2023 puesto en marcha por el Sistema Municipal DIF de Soledad de Graciano S\u00e1nchez, as\u00ed lo dio a conocer la Presidenta del SMDIF, Mar\u00eda del Pilar Cardona Reyna.<\/p>\n\n\n\n<p>De acuerdo a la Presidenta del DIF Municipal, fueron varias las actividades que se realizaron para obtener los recursos suficientes que permitan la adquisici\u00f3n de m\u00e1s equipo y as\u00ed atender las necesidades de un mayor n\u00famero de soledenses.<\/p>\n\n\n\n<p>Manifest\u00f3 que entre el equipamiento que se busca adquirir destacan aparatos para realizar ultrasonidos, as\u00ed como equipo requerido para la atenci\u00f3n dental, entre otros.<\/p>\n\n\n\n<p>Indic\u00f3 que algunas de las actividades realizadas para obtener recursos fueron exhibiciones de autom\u00f3viles y motocicletas, kermeses, sin dejar de lado el tradicional boteo, a trav\u00e9s del cual, las y los soledenses pudieron hacer aportaciones para fortalecer las Unidades B\u00e1sicas de Rehabilitaci\u00f3n que existen en el municipio.<\/p>\n\n\n\n<p>Agradeci\u00f3 a las y los soledenses que se sumaron a todas y cada una de las actividades, lo cual permiti\u00f3 que el UBRTON fuera un programa exitoso.<\/p>\n\n\n\n<p>\u201cTodo lo que se hizo fue en beneficio de las Unidades B\u00e1sicas de Rehabilitaci\u00f3n y se tuvo excelente respuesta por parte de la ciudadan\u00eda, por ello quiero agradecerles por ese apoyo\u201d, se\u00f1al\u00f3.<\/p>\n\n\n\n<p>Finalmente, la Presidenta del Sistema Municipal DIF, record\u00f3 que en el municipio se cuenta con dos unidades de rehabilitaci\u00f3n en las cuales se atiende a cerca de 520 soledenses que requieren de alg\u00fan servicio para mejorar su calidad de vida.<\/p>\n","protected":false},"excerpt":{"rendered":"<p>Concluy\u00f3 con \u00e9xito el UBRTON 2022-2023 puesto en marcha por el Sistema Municipal DIF de Soledad de Graciano S\u00e1nchez, as\u00ed lo dio a conocer la Presidenta del SMDIF, Mar\u00eda del Pilar Cardona Reyna. De acuerdo a la Presidenta del DIF Municipal, fueron varias las actividades que se realizaron para obtener los recursos suficientes que permitan [&hellip;]<\/p>\n","protected":false},"author":2,"featured_media":3200,"comment_status":"open","ping_status":"open","sticky":false,"template":"","format":"standard","meta":{"footnotes":""},"categories":[21],"tags":[],"class_list":{"0":"post-3199","1":"post","2":"type-post","3":"status-publish","4":"format-standard","5":"has-post-thumbnail","7":"category-tu-soledad"},"_links":{"self":[{"href":"https:\/\/cronicadesoledad.com\/index.php\/wp-json\/wp\/v2\/posts\/3199","targetHints":{"allow":["GET"]}}],"collection":[{"href":"https:\/\/cronicadesoledad.com\/index.php\/wp-json\/wp\/v2\/posts"}],"about":[{"href":"https:\/\/cronicadesoledad.com\/index.php\/wp-json\/wp\/v2\/types\/post"}],"author":[{"embeddable":true,"href":"https:\/\/cronicadesoledad.com\/index.php\/wp-json\/wp\/v2\/users\/2"}],"replies":[{"embeddable":true,"href":"https:\/\/cronicadesoledad.com\/index.php\/wp-json\/wp\/v2\/comments?post=3199"}],"version-history":[{"count":1,"href":"https:\/\/cronicadesoledad.com\/index.php\/wp-json\/wp\/v2\/posts\/3199\/revisions"}],"predecessor-version":[{"id":3201,"href":"https:\/\/cronicadesoledad.com\/index.php\/wp-json\/wp\/v2\/posts\/3199\/revisions\/3201"}],"wp:featuredmedia":[{"embeddable":true,"href":"https:\/\/cronicadesoledad.com\/index.php\/wp-json\/wp\/v2\/media\/3200"}],"wp:attachment":[{"href":"https:\/\/cronicadesoledad.com\/index.php\/wp-json\/wp\/v2\/media?parent=3199"}],"wp:term":[{"taxonomy":"category","embeddable":true,"href":"https:\/\/cronicadesoledad.com\/index.php\/wp-json\/wp\/v2\/categories?post=3199"},{"taxonomy":"post_tag","embeddable":true,"href":"https:\/\/cronicadesoledad.com\/index.php\/wp-json\/wp\/v2\/tags?post=3199"}],"curies":[{"name":"wp","href":"https:\/\/api.w.org\/{rel}","templated":true}]}}