{"id":330,"date":"2022-06-22T17:24:12","date_gmt":"2022-06-22T23:24:12","guid":{"rendered":"http:\/\/cronicadesoledad.com\/?p=330"},"modified":"2022-06-22T17:24:13","modified_gmt":"2022-06-22T23:24:13","slug":"encabeza-leonor-arranque-de-construccion-de-area-recreativa-en-real-del-bosque","status":"publish","type":"post","link":"https:\/\/cronicadesoledad.com\/index.php\/2022\/06\/22\/encabeza-leonor-arranque-de-construccion-de-area-recreativa-en-real-del-bosque\/","title":{"rendered":"Encabeza Leonor arranque de construcci\u00f3n de \u00e1rea recreativa en Real del Bosque"},"content":{"rendered":"\n<p><a href=\"https:\/\/twitter.com\/LeonorNoyolaC\">La alcaldesa de Soledad de Graciano S\u00e1nchez, Leonor Noyola Cervantes<\/a>, acompa\u00f1ada de integrantes del gabinete municipal e invitados especiales, pusieron en marcha la construcci\u00f3n del parque urbano multifuncional Real del Bosque;&nbsp; obra que favorecer\u00e1 a por lo menos diez mil quinientos habitantes que residen en la zona.<\/p>\n\n\n\n<p>En los trabajos de edificaci\u00f3n, se invertir\u00e1n ocho millones doscientos mil pesos provenientes del Fondo de Fortalecimiento Municipal.<\/p>\n\n\n\n<p>El \u00e1rea, se encuentra ubicada entre la calle de Bosques de los avellanos, Bosque de los Cedros, Bosque de las Araucarias y Bosque de los \u00c1lamos.<\/p>\n\n\n\n<p>La obra permitir\u00e1 promover la cohesi\u00f3n social, generar espacios de encuentro, deporte y entretenimiento, lo que implica un impacto positivo en la salud de las personas que habitan en la zona.<\/p>\n\n\n\n<p>Los trabajos a realizarse, comprenden una superficie total de 6,231.96 m2 y contar\u00e1 con diversas \u00e1reas tales como modulo, cancha multifuncional, trotapista, andadores de concreto estampado, \u00e1rea de gimnasio, \u00e1rea de juegos y canchas de futbol.<\/p>\n\n\n\n<p>Durante su intervenci\u00f3n, la alcaldesa de Soledad de Graciano S\u00e1nchez, Leonor Noyola Cervantes, se\u00f1al\u00f3 que es responsabilidad de su gobierno mejorar las condiciones de vida de la poblaci\u00f3n por ello no se bajaran los brazos y se continuar\u00e1 por la ruta del progreso, y el desarrollo.<\/p>\n\n\n\n<p>\u201cEsta \u00e1rea recreativa ser\u00e1 fundamental para promover la convivencia, generar espacios de encuentro, deporte y entretenimiento, lo que implica un impacto positivo en la salud de la ciudadan\u00eda. Contaremos con un m\u00f3dulo, una cancha multifuncional, una pista para trotar, andadores, \u00e1rea de gimnasio, \u00e1rea de juegos y canchas de f\u00fatbol, todo para el disfrute de todas y todos los soledenses. No descansaremos hasta construir \u00e1reas recreativas en cada colonia, nuestra juventud lo merece, aprovechemos estos espacios p\u00fablicos, no los dejemos caer, sigamos adelante\u201d, se\u00f1al\u00f3.<\/p>\n\n\n\n<p>Agreg\u00f3 que su administraci\u00f3n est\u00e1 comprometida en fomentar el bienestar de sus gobernados por lo que se dar\u00e1 continuidad a la visi\u00f3n del Gobernador del Estado, Ricardo Gallardo Cardona, quien busca avanzar, y buscar mejores oportunidades para la ciudadan\u00eda, as\u00ed como brindar espacios p\u00fablicos de calidad, donde las ni\u00f1as, ni\u00f1os, y j\u00f3venes, tengan un lugar para llevar a cabo todas sus actividades f\u00edsicas y recreativas.<\/p>\n","protected":false},"excerpt":{"rendered":"<p>La alcaldesa de Soledad de Graciano S\u00e1nchez, Leonor Noyola Cervantes, acompa\u00f1ada de integrantes del gabinete municipal e invitados especiales, pusieron en marcha la construcci\u00f3n del parque urbano multifuncional Real del Bosque;&nbsp; obra que favorecer\u00e1 a por lo menos diez mil quinientos habitantes que residen en la zona. En los trabajos de edificaci\u00f3n, se invertir\u00e1n ocho [&hellip;]<\/p>\n","protected":false},"author":2,"featured_media":331,"comment_status":"open","ping_status":"open","sticky":false,"template":"","format":"standard","meta":{"footnotes":""},"categories":[21],"tags":[],"class_list":{"0":"post-330","1":"post","2":"type-post","3":"status-publish","4":"format-standard","5":"has-post-thumbnail","7":"category-tu-soledad"},"_links":{"self":[{"href":"https:\/\/cronicadesoledad.com\/index.php\/wp-json\/wp\/v2\/posts\/330","targetHints":{"allow":["GET"]}}],"collection":[{"href":"https:\/\/cronicadesoledad.com\/index.php\/wp-json\/wp\/v2\/posts"}],"about":[{"href":"https:\/\/cronicadesoledad.com\/index.php\/wp-json\/wp\/v2\/types\/post"}],"author":[{"embeddable":true,"href":"https:\/\/cronicadesoledad.com\/index.php\/wp-json\/wp\/v2\/users\/2"}],"replies":[{"embeddable":true,"href":"https:\/\/cronicadesoledad.com\/index.php\/wp-json\/wp\/v2\/comments?post=330"}],"version-history":[{"count":1,"href":"https:\/\/cronicadesoledad.com\/index.php\/wp-json\/wp\/v2\/posts\/330\/revisions"}],"predecessor-version":[{"id":332,"href":"https:\/\/cronicadesoledad.com\/index.php\/wp-json\/wp\/v2\/posts\/330\/revisions\/332"}],"wp:featuredmedia":[{"embeddable":true,"href":"https:\/\/cronicadesoledad.com\/index.php\/wp-json\/wp\/v2\/media\/331"}],"wp:attachment":[{"href":"https:\/\/cronicadesoledad.com\/index.php\/wp-json\/wp\/v2\/media?parent=330"}],"wp:term":[{"taxonomy":"category","embeddable":true,"href":"https:\/\/cronicadesoledad.com\/index.php\/wp-json\/wp\/v2\/categories?post=330"},{"taxonomy":"post_tag","embeddable":true,"href":"https:\/\/cronicadesoledad.com\/index.php\/wp-json\/wp\/v2\/tags?post=330"}],"curies":[{"name":"wp","href":"https:\/\/api.w.org\/{rel}","templated":true}]}}