{"id":3746,"date":"2023-04-04T16:16:23","date_gmt":"2023-04-04T22:16:23","guid":{"rendered":"https:\/\/cronicadesoledad.com\/?p=3746"},"modified":"2023-04-04T16:16:24","modified_gmt":"2023-04-04T22:16:24","slug":"nueva-fuga-en-el-realito-deja-a-cientos-de-potosinos-sin-agua","status":"publish","type":"post","link":"https:\/\/cronicadesoledad.com\/index.php\/2023\/04\/04\/nueva-fuga-en-el-realito-deja-a-cientos-de-potosinos-sin-agua\/","title":{"rendered":"Nueva fuga en El Realito deja a cientos de potosinos sin agua"},"content":{"rendered":"\n<p>Como si de una broma de mal gusto se tratara, este martes se registr\u00f3 una nueva fuga en el acueducto de El Realito, por lo que se esperan afectaciones severas en el servicio del agua que abastece la Zona Metropolitana.<\/p>\n\n\n\n<p>La falla se registr\u00f3 en el kil\u00f3metro 42+700 de la l\u00ednea de cadenamiento a la altura de la comunidad Tierra Quemada, en Santa Mar\u00eda del R\u00edo, por lo que autoridades se apersonaron en el lugar para levantar el reporte correspondiente y comenzar con los trabajos de reparaci\u00f3n del acueducto.<\/p>\n\n\n\n<p>En cuanto a las medidas para garantizar el abasto de agua en la regi\u00f3n, se inici\u00f3 con el plan emergente, por lo que se habilitar\u00e1n pipas que transportar\u00e1n el l\u00edquido vital a las colonias afectadas por este, y cabe recalcarlo, nada inesperado fallo de El Realito.<\/p>\n\n\n\n<p>Con esto se van acumulando m\u00e1s evidencias que dejan al descubierto la mala obra que fue la presa, entre fallas con el acueducto, aver\u00edas en la cortina y una calidad dudosa del agua, los potosinos tendr\u00e1n que enfrentar una sequ\u00eda que augura ser muy fuerte este a\u00f1o.<\/p>\n","protected":false},"excerpt":{"rendered":"<p>Como si de una broma de mal gusto se tratara, este martes se registr\u00f3 una nueva fuga en el acueducto de El Realito, por lo que se esperan afectaciones severas en el servicio del agua que abastece la Zona Metropolitana. La falla se registr\u00f3 en el kil\u00f3metro 42+700 de la l\u00ednea de cadenamiento a la [&hellip;]<\/p>\n","protected":false},"author":2,"featured_media":3747,"comment_status":"open","ping_status":"open","sticky":false,"template":"","format":"standard","meta":{"footnotes":""},"categories":[21],"tags":[],"class_list":{"0":"post-3746","1":"post","2":"type-post","3":"status-publish","4":"format-standard","5":"has-post-thumbnail","7":"category-tu-soledad"},"_links":{"self":[{"href":"https:\/\/cronicadesoledad.com\/index.php\/wp-json\/wp\/v2\/posts\/3746","targetHints":{"allow":["GET"]}}],"collection":[{"href":"https:\/\/cronicadesoledad.com\/index.php\/wp-json\/wp\/v2\/posts"}],"about":[{"href":"https:\/\/cronicadesoledad.com\/index.php\/wp-json\/wp\/v2\/types\/post"}],"author":[{"embeddable":true,"href":"https:\/\/cronicadesoledad.com\/index.php\/wp-json\/wp\/v2\/users\/2"}],"replies":[{"embeddable":true,"href":"https:\/\/cronicadesoledad.com\/index.php\/wp-json\/wp\/v2\/comments?post=3746"}],"version-history":[{"count":1,"href":"https:\/\/cronicadesoledad.com\/index.php\/wp-json\/wp\/v2\/posts\/3746\/revisions"}],"predecessor-version":[{"id":3748,"href":"https:\/\/cronicadesoledad.com\/index.php\/wp-json\/wp\/v2\/posts\/3746\/revisions\/3748"}],"wp:featuredmedia":[{"embeddable":true,"href":"https:\/\/cronicadesoledad.com\/index.php\/wp-json\/wp\/v2\/media\/3747"}],"wp:attachment":[{"href":"https:\/\/cronicadesoledad.com\/index.php\/wp-json\/wp\/v2\/media?parent=3746"}],"wp:term":[{"taxonomy":"category","embeddable":true,"href":"https:\/\/cronicadesoledad.com\/index.php\/wp-json\/wp\/v2\/categories?post=3746"},{"taxonomy":"post_tag","embeddable":true,"href":"https:\/\/cronicadesoledad.com\/index.php\/wp-json\/wp\/v2\/tags?post=3746"}],"curies":[{"name":"wp","href":"https:\/\/api.w.org\/{rel}","templated":true}]}}