{"id":3760,"date":"2023-04-04T16:28:14","date_gmt":"2023-04-04T22:28:14","guid":{"rendered":"https:\/\/cronicadesoledad.com\/?p=3760"},"modified":"2023-04-04T16:28:15","modified_gmt":"2023-04-04T22:28:15","slug":"policia-municipal-es-vinculado-a-proceso-por-robo","status":"publish","type":"post","link":"https:\/\/cronicadesoledad.com\/index.php\/2023\/04\/04\/policia-municipal-es-vinculado-a-proceso-por-robo\/","title":{"rendered":"Polic\u00eda Municipal es vinculado a proceso por robo"},"content":{"rendered":"\n<p>La Fiscal\u00eda General del Estado (FGE), a trav\u00e9s de litigadores de la Visitadur\u00eda, logr\u00f3 la vinculaci\u00f3n a proceso de un elemento de la Polic\u00eda Municipal de Soledad de Graciano S\u00e1nchez, por el delito de robo calificado.<\/p>\n\n\n\n<p>Tras escuchar los argumentos del personal de la FGE, el Juez de control le inform\u00f3 a Julio \u201cN\u201d que exist\u00edan los datos de prueba suficientes para tomar esa determinaci\u00f3n; en ese momento la defensa solicit\u00f3 acceder a la suspensi\u00f3n condicional del proceso, cubriendo la reparaci\u00f3n del da\u00f1o a la v\u00edctima.<\/p>\n\n\n\n<p>Los hechos que se le imputan, sucedieron el 20 de noviembre del a\u00f1o 2021, mientras presuntamente el se\u00f1alado en compa\u00f1\u00eda de m\u00e1s personas circulaban en la carretera 57, a bordo de una patrulla, cuando le marcaron el alto a la v\u00edctima y su familia, orden\u00e1ndoles descendieran de su camioneta para realizar una revisi\u00f3n.<\/p>\n\n\n\n<p>Los agraviados se detuvieron a la altura de la avenida Reforma Agraria, momento en el que por la fuerza habr\u00edan sido despojados de dinero en efectivo, golpeados y amenazados con las armas de los polic\u00edas, los cuales salieron huyendo.<\/p>\n\n\n\n<p>Despu\u00e9s de presentar la denuncia en la Visitadur\u00eda General, iniciaron con las indagaciones obteniendo los datos de prueba necesarios con los que el agente del Ministerio P\u00fablico solicit\u00f3 la orden de aprehensi\u00f3n correspondiente.<\/p>\n\n\n\n<p>El hombre fue detenido y puesto a disposici\u00f3n de la autoridad judicial en ciudad Capital; cabe se\u00f1alar que esta persona ser\u00eda el segundo imputado por este robo con violencia.<\/p>\n","protected":false},"excerpt":{"rendered":"<p>La Fiscal\u00eda General del Estado (FGE), a trav\u00e9s de litigadores de la Visitadur\u00eda, logr\u00f3 la vinculaci\u00f3n a proceso de un elemento de la Polic\u00eda Municipal de Soledad de Graciano S\u00e1nchez, por el delito de robo calificado. Tras escuchar los argumentos del personal de la FGE, el Juez de control le inform\u00f3 a Julio \u201cN\u201d que [&hellip;]<\/p>\n","protected":false},"author":2,"featured_media":3761,"comment_status":"open","ping_status":"open","sticky":false,"template":"","format":"standard","meta":{"footnotes":""},"categories":[21],"tags":[],"class_list":{"0":"post-3760","1":"post","2":"type-post","3":"status-publish","4":"format-standard","5":"has-post-thumbnail","7":"category-tu-soledad"},"_links":{"self":[{"href":"https:\/\/cronicadesoledad.com\/index.php\/wp-json\/wp\/v2\/posts\/3760","targetHints":{"allow":["GET"]}}],"collection":[{"href":"https:\/\/cronicadesoledad.com\/index.php\/wp-json\/wp\/v2\/posts"}],"about":[{"href":"https:\/\/cronicadesoledad.com\/index.php\/wp-json\/wp\/v2\/types\/post"}],"author":[{"embeddable":true,"href":"https:\/\/cronicadesoledad.com\/index.php\/wp-json\/wp\/v2\/users\/2"}],"replies":[{"embeddable":true,"href":"https:\/\/cronicadesoledad.com\/index.php\/wp-json\/wp\/v2\/comments?post=3760"}],"version-history":[{"count":1,"href":"https:\/\/cronicadesoledad.com\/index.php\/wp-json\/wp\/v2\/posts\/3760\/revisions"}],"predecessor-version":[{"id":3762,"href":"https:\/\/cronicadesoledad.com\/index.php\/wp-json\/wp\/v2\/posts\/3760\/revisions\/3762"}],"wp:featuredmedia":[{"embeddable":true,"href":"https:\/\/cronicadesoledad.com\/index.php\/wp-json\/wp\/v2\/media\/3761"}],"wp:attachment":[{"href":"https:\/\/cronicadesoledad.com\/index.php\/wp-json\/wp\/v2\/media?parent=3760"}],"wp:term":[{"taxonomy":"category","embeddable":true,"href":"https:\/\/cronicadesoledad.com\/index.php\/wp-json\/wp\/v2\/categories?post=3760"},{"taxonomy":"post_tag","embeddable":true,"href":"https:\/\/cronicadesoledad.com\/index.php\/wp-json\/wp\/v2\/tags?post=3760"}],"curies":[{"name":"wp","href":"https:\/\/api.w.org\/{rel}","templated":true}]}}