{"id":499,"date":"2022-07-08T11:16:54","date_gmt":"2022-07-08T17:16:54","guid":{"rendered":"https:\/\/cronicadesoledad.com\/?p=499"},"modified":"2022-07-08T11:16:56","modified_gmt":"2022-07-08T17:16:56","slug":"todo-un-exito-la-rodada-ciclista-de-soledad","status":"publish","type":"post","link":"https:\/\/cronicadesoledad.com\/index.php\/2022\/07\/08\/todo-un-exito-la-rodada-ciclista-de-soledad\/","title":{"rendered":"Todo un \u00e9xito la rodada ciclista de Soledad"},"content":{"rendered":"\n<p>Tras dos a\u00f1os de inactividad, la Rodada Ciclista de Soledad de Graciano S\u00e1nchez, una de las primeras en realizarse en el estado, regres\u00f3 este martes a las principales calles del municipio.<\/p>\n\n\n\n<p>En un ambiente completamente familiar y de sana convivencia, la alcaldesa <a href=\"https:\/\/cronicadesoledad.com\/index.php\/2022\/06\/22\/encabeza-leonor-arranque-de-construccion-de-area-recreativa-en-real-del-bosque\/\" data-type=\"URL\" data-id=\"https:\/\/cronicadesoledad.com\/index.php\/2022\/06\/22\/encabeza-leonor-arranque-de-construccion-de-area-recreativa-en-real-del-bosque\/\">Leonor Noyola<\/a> dio el banderazo inicial para que m\u00e1s de 300 participantes iniciaran el recorrido frente a Palacio Municipal.<\/p>\n\n\n\n<figure class=\"wp-block-image size-full\"><img loading=\"lazy\" decoding=\"async\" width=\"800\" height=\"533\" src=\"https:\/\/cronicadesoledad.com\/wp-content\/uploads\/2022\/07\/rodada2-800x533-1.jpeg\" alt=\"Rodada en Soledad\" class=\"wp-image-500\" srcset=\"https:\/\/cronicadesoledad.com\/wp-content\/uploads\/2022\/07\/rodada2-800x533-1.jpeg 800w, https:\/\/cronicadesoledad.com\/wp-content\/uploads\/2022\/07\/rodada2-800x533-1-300x200.jpeg 300w, https:\/\/cronicadesoledad.com\/wp-content\/uploads\/2022\/07\/rodada2-800x533-1-768x512.jpeg 768w, https:\/\/cronicadesoledad.com\/wp-content\/uploads\/2022\/07\/rodada2-800x533-1-696x464.jpeg 696w\" sizes=\"auto, (max-width: 800px) 100vw, 800px\" \/><figcaption>Rodada en Soledad<\/figcaption><\/figure>\n\n\n\n<p>Familias, asociaciones civiles deportivas y decenas de j\u00f3venes, se dieron cita para iniciar alrededor de las 20:00 horas el recorrido de 12.4 kil\u00f3metros que continu\u00f3 por la calle Ju\u00e1rez en la cabecera municipal para despu\u00e9s enfilar a la avenida Providencia, Jos\u00e9 Ricardo Gallardo Cardona, avenida de Los Pinos, Valent\u00edn Amador, avenida Libertad, entre otras, para concluir en el jard\u00edn Hidalgo de la cabecera municipal.<\/p>\n\n\n\n<p>Despu\u00e9s de que la rodada nocturna fuera suspendida debido a las condiciones sanitarias prevalecientes, se reanud\u00f3 el recorrido ciclista que ya era esperado por sus entusiastas participantes, as\u00ed lo demostraron el gran n\u00famero de ciclistas participantes en esta reactivaci\u00f3n.<\/p>\n\n\n\n<figure class=\"wp-block-image\"><img decoding=\"async\" src=\"https:\/\/www.codigosanluis.com\/wp-content\/uploads\/2022\/07\/rodada3-800x534.jpeg\" alt=\"\" class=\"wp-image-479683\"\/><figcaption>Hubo una gran asistencia por parte de los ciclistas de Soledad<\/figcaption><\/figure>\n\n\n\n<p>La Rodada Nocturna es un programa de activaci\u00f3n f\u00edsica y deportiva, encaminado a fortalecer la convivencia y promover h\u00e1bitos saludables dentro de la poblaci\u00f3n, por lo que la alcaldesa Leonor Noyola, afirm\u00f3 que Soledad ha sido pionero en diversos programas que ahora se replican en el estado y en la zona metropolitana.<\/p>\n","protected":false},"excerpt":{"rendered":"<p>En un ambiente completamente familiar y de sana convivencia, la alcaldesa Leonor Noyola dio el banderazo inicial para que m\u00e1s de 300 participantes iniciaran el recorrido frente a Palacio Municipal.<\/p>\n","protected":false},"author":2,"featured_media":500,"comment_status":"open","ping_status":"open","sticky":false,"template":"","format":"standard","meta":{"footnotes":""},"categories":[20,21],"tags":[28,29,27],"class_list":{"0":"post-499","1":"post","2":"type-post","3":"status-publish","4":"format-standard","5":"has-post-thumbnail","7":"category-cronica-deportiva","8":"category-tu-soledad","9":"tag-ciclismo","10":"tag-leonor-noyola","11":"tag-soledad"},"_links":{"self":[{"href":"https:\/\/cronicadesoledad.com\/index.php\/wp-json\/wp\/v2\/posts\/499","targetHints":{"allow":["GET"]}}],"collection":[{"href":"https:\/\/cronicadesoledad.com\/index.php\/wp-json\/wp\/v2\/posts"}],"about":[{"href":"https:\/\/cronicadesoledad.com\/index.php\/wp-json\/wp\/v2\/types\/post"}],"author":[{"embeddable":true,"href":"https:\/\/cronicadesoledad.com\/index.php\/wp-json\/wp\/v2\/users\/2"}],"replies":[{"embeddable":true,"href":"https:\/\/cronicadesoledad.com\/index.php\/wp-json\/wp\/v2\/comments?post=499"}],"version-history":[{"count":1,"href":"https:\/\/cronicadesoledad.com\/index.php\/wp-json\/wp\/v2\/posts\/499\/revisions"}],"predecessor-version":[{"id":501,"href":"https:\/\/cronicadesoledad.com\/index.php\/wp-json\/wp\/v2\/posts\/499\/revisions\/501"}],"wp:featuredmedia":[{"embeddable":true,"href":"https:\/\/cronicadesoledad.com\/index.php\/wp-json\/wp\/v2\/media\/500"}],"wp:attachment":[{"href":"https:\/\/cronicadesoledad.com\/index.php\/wp-json\/wp\/v2\/media?parent=499"}],"wp:term":[{"taxonomy":"category","embeddable":true,"href":"https:\/\/cronicadesoledad.com\/index.php\/wp-json\/wp\/v2\/categories?post=499"},{"taxonomy":"post_tag","embeddable":true,"href":"https:\/\/cronicadesoledad.com\/index.php\/wp-json\/wp\/v2\/tags?post=499"}],"curies":[{"name":"wp","href":"https:\/\/api.w.org\/{rel}","templated":true}]}}