{"id":4991,"date":"2023-07-20T13:46:39","date_gmt":"2023-07-20T19:46:39","guid":{"rendered":"https:\/\/cronicadesoledad.com\/?p=4991"},"modified":"2023-07-20T13:46:42","modified_gmt":"2023-07-20T19:46:42","slug":"arrancara-camping-gratuito-para-ninos-y-ninas-soledenses","status":"publish","type":"post","link":"https:\/\/cronicadesoledad.com\/index.php\/2023\/07\/20\/arrancara-camping-gratuito-para-ninos-y-ninas-soledenses\/","title":{"rendered":"Arrancar\u00e1 camping gratuito para ni\u00f1os y ni\u00f1as soledenses"},"content":{"rendered":"\n<h2 class=\"wp-block-heading\">Las y los oficiales de Proximidad Social realizar\u00e1n actividades y visitas con las y los menores, adem\u00e1s dedicar\u00e1n una semana para hijos de polic\u00edas soledenses.<\/h2>\n\n\n\n<p>Seguridad P\u00fablica de Soledad de Graciano S\u00e1nchez a trav\u00e9s del \u00e1rea de Proximidad Social comenzar\u00e1n con el Camping de Verano &#8220;Diversi\u00f3n y Alegr\u00eda con tu Amigo El Polic\u00eda&#8221;, que ser\u00e1 totalmente gratuito para ni\u00f1as y ni\u00f1os de 6 a 13 a\u00f1os de edad, mismo que comenzar\u00e1 el pr\u00f3ximo 24 de julio.<\/p>\n\n\n\n<p>La corporaci\u00f3n municipal iniciar\u00e1 con las actividades durante el periodo vacacional de verano, en el que las y los oficiales de Proximidad Social realizar\u00e1n visitas a museos, parques, \u00e1reas recretaivas y una funci\u00f3n de cine, con ni\u00f1as y ni\u00f1os del municipio, con una semana especial dedicada para hijos de agentes adscritos a la dependencia municipal.<\/p>\n\n\n\n<p>Las fechas y lugares en los que se realizar\u00e1 el camping ser\u00e1n: del 24 al 28 de julio, en el \u00e1rea recreativa de la colonia Pav\u00f3n; del 31 de julio al 4 de agosto, en el \u00e1rea recreativa de Hogares Populares; del 7 al 11 de agosto, en el \u00e1rea recreativa San Isidro; del 14 al 18 de agosto en el \u00e1rea recreativa La Sierra; y del 21 al 25 de agosto ser\u00e1 la semana dedicada a los hijos de polic\u00edas.<\/p>\n\n\n\n<p>Los lugares que se visitar\u00e1n son: la Comandancia central de Pav\u00f3n para hacer honores a la bandera, la Estaci\u00f3n de Bomberos, el Museo de la M\u00e1scara, Museo Leonora Carrington, el Centro de Las Artes, las instalaciones de la Secretar\u00eda de la Defensa Nacional (SEDENA), el Museo del Ferrocarril, la empresa Bimbo, el aeropuerto, el cine de Plaza Citadina, la Iglesia de Nuestra Se\u00f1ora de la Soledad y el Jard\u00edn Principal de Soledad.<\/p>\n\n\n\n<p>A las y los interesados en inscribir a sus hijos al camping &#8220;Diversi\u00f3n y Alegr\u00eda con tu Amigo El Polic\u00eda&#8221;, deber\u00e1n acudir a la comandancia central de Seguridad P\u00fablica en la colonia Pav\u00f3n con copia de la siguiente documentaci\u00f3n:<\/p>\n\n\n\n<ul class=\"wp-block-list\">\n<li>Acta de nacimiento del o la menor<\/li>\n\n\n\n<li>CURP del o la menor<\/li>\n\n\n\n<li>INE del padre o tutor<\/li>\n\n\n\n<li>Dos fotograf\u00edas del o la menor<\/li>\n\n\n\n<li>Comprobante&nbsp;de&nbsp;domicilio<\/li>\n<\/ul>\n","protected":false},"excerpt":{"rendered":"<p>Las y los oficiales de Proximidad Social realizar\u00e1n actividades y visitas con las y los menores, adem\u00e1s dedicar\u00e1n una semana para hijos de polic\u00edas soledenses. Seguridad P\u00fablica de Soledad de Graciano S\u00e1nchez a trav\u00e9s del \u00e1rea de Proximidad Social comenzar\u00e1n con el Camping de Verano &#8220;Diversi\u00f3n y Alegr\u00eda con tu Amigo El Polic\u00eda&#8221;, que ser\u00e1 [&hellip;]<\/p>\n","protected":false},"author":1,"featured_media":4992,"comment_status":"open","ping_status":"open","sticky":false,"template":"","format":"standard","meta":{"footnotes":""},"categories":[30,1,24,21],"tags":[39,38,27],"class_list":{"0":"post-4991","1":"post","2":"type-post","3":"status-publish","4":"format-standard","5":"has-post-thumbnail","7":"category-de-la-region-centro","8":"category-destacadas","9":"category-informacion-general","10":"category-tu-soledad","11":"tag-actividades-para-menores","12":"tag-arrancara-camping","13":"tag-soledad"},"_links":{"self":[{"href":"https:\/\/cronicadesoledad.com\/index.php\/wp-json\/wp\/v2\/posts\/4991","targetHints":{"allow":["GET"]}}],"collection":[{"href":"https:\/\/cronicadesoledad.com\/index.php\/wp-json\/wp\/v2\/posts"}],"about":[{"href":"https:\/\/cronicadesoledad.com\/index.php\/wp-json\/wp\/v2\/types\/post"}],"author":[{"embeddable":true,"href":"https:\/\/cronicadesoledad.com\/index.php\/wp-json\/wp\/v2\/users\/1"}],"replies":[{"embeddable":true,"href":"https:\/\/cronicadesoledad.com\/index.php\/wp-json\/wp\/v2\/comments?post=4991"}],"version-history":[{"count":1,"href":"https:\/\/cronicadesoledad.com\/index.php\/wp-json\/wp\/v2\/posts\/4991\/revisions"}],"predecessor-version":[{"id":4993,"href":"https:\/\/cronicadesoledad.com\/index.php\/wp-json\/wp\/v2\/posts\/4991\/revisions\/4993"}],"wp:featuredmedia":[{"embeddable":true,"href":"https:\/\/cronicadesoledad.com\/index.php\/wp-json\/wp\/v2\/media\/4992"}],"wp:attachment":[{"href":"https:\/\/cronicadesoledad.com\/index.php\/wp-json\/wp\/v2\/media?parent=4991"}],"wp:term":[{"taxonomy":"category","embeddable":true,"href":"https:\/\/cronicadesoledad.com\/index.php\/wp-json\/wp\/v2\/categories?post=4991"},{"taxonomy":"post_tag","embeddable":true,"href":"https:\/\/cronicadesoledad.com\/index.php\/wp-json\/wp\/v2\/tags?post=4991"}],"curies":[{"name":"wp","href":"https:\/\/api.w.org\/{rel}","templated":true}]}}