{"id":5104,"date":"2023-07-25T23:30:00","date_gmt":"2023-07-26T05:30:00","guid":{"rendered":"https:\/\/cronicadesoledad.com\/?p=5104"},"modified":"2023-07-25T22:06:14","modified_gmt":"2023-07-26T04:06:14","slug":"ninas-y-ninos-conviven-y-disfrutan-de-camping-del-dif","status":"publish","type":"post","link":"https:\/\/cronicadesoledad.com\/index.php\/2023\/07\/25\/ninas-y-ninos-conviven-y-disfrutan-de-camping-del-dif\/","title":{"rendered":"Ni\u00f1as y ni\u00f1os conviven y disfrutan de camping del DIF"},"content":{"rendered":"\n<p>El Sistema Municipal para el Desarrollo Integral de la Familia (DIF) de Soledad de Graciano S\u00e1nchez, inici\u00f3 la edici\u00f3n 2023 del Campamento de Verano en ocho diferentes centros comunitarios, as\u00ed como en sus instalaciones situadas en el fraccionamiento San Gerardo, con una respuesta formidable de ni\u00f1os y ni\u00f1as que ahora viven diversas actividades de desarrollo personal y social, dijo Mar\u00eda del Pilar Cardona Reyna, presidenta del organismo.<\/p>\n\n\n\n<p>Indic\u00f3 que en esta ocasi\u00f3n se registr\u00f3 una participaci\u00f3n r\u00e9cord de m\u00e1s de 300 menores, lo cual indica que el Campamento de Verano se ha convertido en una opci\u00f3n de entretenimiento y aprendizaje muy esperada por las ni\u00f1as y ni\u00f1os de la localidad. Se estima que diariamente asisten entre 35 y 40 menores a cada una de las sedes en donde se desarrollan positivamente las actividades en el marco de este programa.<\/p>\n\n\n\n<p>Record\u00f3 que el horario de atenci\u00f3n es de lunes a viernes de 9 de la ma\u00f1ana a 1 de la tarde, lo que permite a los ni\u00f1os y ni\u00f1as disfrutar de un espacio seguro y divertido durante las vacaciones de verano. El programa incluye una variedad de actividades enriquecedoras, como pl\u00e1ticas preventivas sobre autocuidado impartidas por el H. Cuerpo de Bomberos y Protecci\u00f3n Civil Municipal, adem\u00e1s de actividades deportivas, juegos, paseos y actividades educativas que refuercen el aprendizaje de una manera l\u00fadica y amena.<\/p>\n\n\n\n<p>El Campamento de Verano en Soledad de Graciano S\u00e1nchez ofrecer\u00e1 a las y los menores tres semanas consecutivas de diversi\u00f3n y experiencias, proporcionando un entorno enriquecedor que promueve valores, desarrollo personal y social, y sobre todo diversi\u00f3n.<\/p>\n\n\n\n<p>Cardona Reyna agradeci\u00f3 a padres y madres y tutores por confiar en este programa y por brindar a sus hijos e hijas la oportunidad de disfrutar de un verano inolvidable en el que tambi\u00e9n podr\u00e1n formar amistades duraderas. Dijo que la administraci\u00f3n municipal se compromete a seguir trabajando para ofrecer programas que beneficien el bienestar y desarrollo de la comunidad, especialmente de los m\u00e1s peque\u00f1os, quienes son el futuro de Soledad de Graciano S\u00e1nchez.<\/p>\n","protected":false},"excerpt":{"rendered":"<p>El Sistema Municipal para el Desarrollo Integral de la Familia (DIF) de Soledad de Graciano S\u00e1nchez, inici\u00f3 la edici\u00f3n 2023 del Campamento de Verano en ocho diferentes centros comunitarios, as\u00ed como en sus instalaciones situadas en el fraccionamiento San Gerardo, con una respuesta formidable de ni\u00f1os y ni\u00f1as que ahora viven diversas actividades de desarrollo [&hellip;]<\/p>\n","protected":false},"author":2,"featured_media":5105,"comment_status":"open","ping_status":"open","sticky":false,"template":"","format":"standard","meta":{"footnotes":""},"categories":[30,1,24,21],"tags":[],"class_list":{"0":"post-5104","1":"post","2":"type-post","3":"status-publish","4":"format-standard","5":"has-post-thumbnail","7":"category-de-la-region-centro","8":"category-destacadas","9":"category-informacion-general","10":"category-tu-soledad"},"_links":{"self":[{"href":"https:\/\/cronicadesoledad.com\/index.php\/wp-json\/wp\/v2\/posts\/5104","targetHints":{"allow":["GET"]}}],"collection":[{"href":"https:\/\/cronicadesoledad.com\/index.php\/wp-json\/wp\/v2\/posts"}],"about":[{"href":"https:\/\/cronicadesoledad.com\/index.php\/wp-json\/wp\/v2\/types\/post"}],"author":[{"embeddable":true,"href":"https:\/\/cronicadesoledad.com\/index.php\/wp-json\/wp\/v2\/users\/2"}],"replies":[{"embeddable":true,"href":"https:\/\/cronicadesoledad.com\/index.php\/wp-json\/wp\/v2\/comments?post=5104"}],"version-history":[{"count":1,"href":"https:\/\/cronicadesoledad.com\/index.php\/wp-json\/wp\/v2\/posts\/5104\/revisions"}],"predecessor-version":[{"id":5106,"href":"https:\/\/cronicadesoledad.com\/index.php\/wp-json\/wp\/v2\/posts\/5104\/revisions\/5106"}],"wp:featuredmedia":[{"embeddable":true,"href":"https:\/\/cronicadesoledad.com\/index.php\/wp-json\/wp\/v2\/media\/5105"}],"wp:attachment":[{"href":"https:\/\/cronicadesoledad.com\/index.php\/wp-json\/wp\/v2\/media?parent=5104"}],"wp:term":[{"taxonomy":"category","embeddable":true,"href":"https:\/\/cronicadesoledad.com\/index.php\/wp-json\/wp\/v2\/categories?post=5104"},{"taxonomy":"post_tag","embeddable":true,"href":"https:\/\/cronicadesoledad.com\/index.php\/wp-json\/wp\/v2\/tags?post=5104"}],"curies":[{"name":"wp","href":"https:\/\/api.w.org\/{rel}","templated":true}]}}