{"id":5672,"date":"2023-08-29T19:05:11","date_gmt":"2023-08-30T01:05:11","guid":{"rendered":"https:\/\/cronicadesoledad.com\/?p=5672"},"modified":"2023-08-29T22:59:36","modified_gmt":"2023-08-30T04:59:36","slug":"se-prepara-feria-del-empleo","status":"publish","type":"post","link":"https:\/\/cronicadesoledad.com\/index.php\/2023\/08\/29\/se-prepara-feria-del-empleo\/","title":{"rendered":"Se prepara la Feria del Empleo"},"content":{"rendered":"\n<h2 class=\"wp-block-heading\">La invitaci\u00f3n para que acuda la ciudadan\u00eda es este jueves 31 de agosto, en Auditorio Municipal, donde participar\u00e1n m\u00e1s de 31 empresas diversas<\/h2>\n\n\n\n<p>En un esfuerzo m\u00e1s por ofrecer a las y los habitantes de Soledad de Graciano S\u00e1nchez, oportunidades laborales que les garanticen mejoras en su estabilidad econ\u00f3mica y mayores beneficios para sus familias, la Direcci\u00f3n de Desarrollo Econ\u00f3mico realizar\u00e1 este jueves 31 de agosto una Feria del Empleo con la capacidad de brindar espacios a m\u00e1s de mil 500 interesados e interesadas, en distintos puestos y especialidades.<\/p>\n\n\n\n<p>As\u00ed lo confirm\u00f3 F\u00e9lix Herrera Ortega, titular de esta dependencia, quien explic\u00f3 que el objetivo de este Ayuntamiento soledense \u201ces generar oportunidades laborales que no s\u00f3lo satisfagan las necesidades de las y los soledenses, sino que tambi\u00e9n contribuyan al crecimiento econ\u00f3mico de la regi\u00f3n&#8221;, resaltando que ello funcionar\u00e1 como una plataforma para conectar a las empresas y organizaciones con la mano de obra especializada local.<\/p>\n\n\n\n<p>Siguiendo las directrices de la Alcaldesa Leonor Noyola Cervantes, la administraci\u00f3n municipal ha trabajado en estrecha colaboraci\u00f3n con la industria para lograr la participaci\u00f3n de un grupo diverso de empresas en este evento, por lo cual se espera que al menos 31 empresas participen en la Feria del Empleo, que se realizar\u00e1 en el Auditorio Municipal, de 9 de la ma\u00f1ana a 3 de la tarde.<\/p>\n\n\n\n<p>Agreg\u00f3 que adem\u00e1s de las oportunidades de empleo, la Feria contar\u00e1 con la colaboraci\u00f3n de la Secretar\u00eda de Hacienda y Cr\u00e9dito P\u00fablico (SHCP), que brindar\u00e1 asistencia para la realizaci\u00f3n de tr\u00e1mites importantes, por lo que las y los asistentes tendr\u00e1n la oportunidad de recibir orientaci\u00f3n sobre la actualizaci\u00f3n del RFC, CURP y otros procesos que puedan beneficiar su situaci\u00f3n financiera y laboral.<\/p>\n\n\n\n<p>&#8220;Esta feria es un testimonio del compromiso de la administraci\u00f3n de Leonor Noyola Cervantes de impulsar la prosperidad de nuestra comunidad y brindar un entorno propicio para el desarrollo personal y profesional&#8221;, expres\u00f3 Herrera Ortega.<\/p>\n\n\n\n<p>En esta jornada, se ofertar\u00e1n tambi\u00e9n espacios a aquellas y aquellos ciudadanos que busquen formar parte de la Direcci\u00f3n General de Seguridad P\u00fablica Municipal, brind\u00e1ndoles toda la informaci\u00f3n necesaria y detallada, sobre la convocatoria y que puedan iniciar su proceso de reclutamiento para fortalecer el estado de fuerza en Soledad, se\u00f1al\u00f3.<\/p>\n","protected":false},"excerpt":{"rendered":"<p>La invitaci\u00f3n para que acuda la ciudadan\u00eda es este jueves 31 de agosto, en Auditorio Municipal, donde participar\u00e1n m\u00e1s de 31 empresas diversas En un esfuerzo m\u00e1s por ofrecer a las y los habitantes de Soledad de Graciano S\u00e1nchez, oportunidades laborales que les garanticen mejoras en su estabilidad econ\u00f3mica y mayores beneficios para sus familias, [&hellip;]<\/p>\n","protected":false},"author":1,"featured_media":5673,"comment_status":"open","ping_status":"open","sticky":false,"template":"","format":"standard","meta":{"footnotes":""},"categories":[30,1,24,21],"tags":[120,121],"class_list":{"0":"post-5672","1":"post","2":"type-post","3":"status-publish","4":"format-standard","5":"has-post-thumbnail","7":"category-de-la-region-centro","8":"category-destacadas","9":"category-informacion-general","10":"category-tu-soledad","11":"tag-feria-del-empleo","12":"tag-feria-del-empleo-soledad"},"_links":{"self":[{"href":"https:\/\/cronicadesoledad.com\/index.php\/wp-json\/wp\/v2\/posts\/5672","targetHints":{"allow":["GET"]}}],"collection":[{"href":"https:\/\/cronicadesoledad.com\/index.php\/wp-json\/wp\/v2\/posts"}],"about":[{"href":"https:\/\/cronicadesoledad.com\/index.php\/wp-json\/wp\/v2\/types\/post"}],"author":[{"embeddable":true,"href":"https:\/\/cronicadesoledad.com\/index.php\/wp-json\/wp\/v2\/users\/1"}],"replies":[{"embeddable":true,"href":"https:\/\/cronicadesoledad.com\/index.php\/wp-json\/wp\/v2\/comments?post=5672"}],"version-history":[{"count":2,"href":"https:\/\/cronicadesoledad.com\/index.php\/wp-json\/wp\/v2\/posts\/5672\/revisions"}],"predecessor-version":[{"id":5679,"href":"https:\/\/cronicadesoledad.com\/index.php\/wp-json\/wp\/v2\/posts\/5672\/revisions\/5679"}],"wp:featuredmedia":[{"embeddable":true,"href":"https:\/\/cronicadesoledad.com\/index.php\/wp-json\/wp\/v2\/media\/5673"}],"wp:attachment":[{"href":"https:\/\/cronicadesoledad.com\/index.php\/wp-json\/wp\/v2\/media?parent=5672"}],"wp:term":[{"taxonomy":"category","embeddable":true,"href":"https:\/\/cronicadesoledad.com\/index.php\/wp-json\/wp\/v2\/categories?post=5672"},{"taxonomy":"post_tag","embeddable":true,"href":"https:\/\/cronicadesoledad.com\/index.php\/wp-json\/wp\/v2\/tags?post=5672"}],"curies":[{"name":"wp","href":"https:\/\/api.w.org\/{rel}","templated":true}]}}