{"id":5737,"date":"2023-08-31T17:19:30","date_gmt":"2023-08-31T23:19:30","guid":{"rendered":"https:\/\/cronicadesoledad.com\/?p=5737"},"modified":"2023-08-31T17:19:31","modified_gmt":"2023-08-31T23:19:31","slug":"inician-construccion-de-barda-en-jardin-de-ninos","status":"publish","type":"post","link":"https:\/\/cronicadesoledad.com\/index.php\/2023\/08\/31\/inician-construccion-de-barda-en-jardin-de-ninos\/","title":{"rendered":"Inician construcci\u00f3n de barda en jard\u00edn de ni\u00f1os"},"content":{"rendered":"\n<h2 class=\"wp-block-heading\">En este proyecto se invertir\u00e1n m\u00e1s de 450 mil pesos de Gobierno del Estado y se beneficiar\u00e1 a m\u00e1s de 190 estudiantes del plantel, garantizando bienestar y seguridad<\/h2>\n\n\n\n<p>En la encomienda de seguir impulsando a las nuevas generaciones mediante espacios para su educaci\u00f3n en condiciones \u00f3ptimas, con infraestructura de calidad y seguras, el Ayuntamiento de Soledad de Graciano S\u00e1nchez, encabezado por la Alcaldesa, Leonor Noyola Cervantes, en coordinaci\u00f3n con el Instituto Estatal de Infraestructura F\u00edsica Educativa del Estado (IEIFE) arranc\u00f3 las obras de construcci\u00f3n de barda perimetral en el Jard\u00edn de Ni\u00f1os \u201cMoctezuma\u201d de la colonia San Felipe.<\/p>\n\n\n\n<p>Este proyecto, solicitado por la comunidad hace semanas, a favor del rubro educativo implica la inversi\u00f3n de m\u00e1s de 450 mil pesos y el beneficio a m\u00e1s de 190 estudiantes, lo cual fue destacado por la presidenta municipal, quien agreg\u00f3 que el trabajo conjunto busca fortalecer la seguridad en este plantel, sino tambi\u00e9n embellecer el entorno con un dise\u00f1o que refleje la alegr\u00eda y vitalidad de los ni\u00f1os: &#8220;nuestros ni\u00f1os merecen un lugar donde puedan aprender y crecer sin preocupaciones, y esta barda perimetral es un paso hacia ese objetivo&#8221;.<\/p>\n\n\n\n<p>Expres\u00f3 su gratitud y reconoci\u00f3 el esfuerzo realizado por parte de la titular del IEIFE, Martha Alicia Mart\u00ednez P\u00e9rez, al hacer realidad el sue\u00f1o de las y los peque\u00f1itos y de sus madres y padres de familia que ped\u00edan garant\u00edas de seguridad la comunidad. Al tomar la palabra, la titular del IEIFE celebr\u00f3 que hoy el Gobierno del Estado y el Gobierno Municipal implementen pol\u00edticas y acciones coordinadas para impulsar las capacidades de j\u00f3venes y ni\u00f1os a fin de que tengan oportunidades en el futuro.<\/p>\n\n\n\n<p>Patricia Mendoza, directora del plantel, asegur\u00f3 que el arranque de obras es \u201cun sue\u00f1o hecho realidad\u201d, lo cual permitir\u00e1 dignificar la calidad de vida de las y los alumnos que diariamente acuden a este plantel, por lo que resalt\u00f3 el compromiso de las autoridades y la atenci\u00f3n que brindan a cada una de las solicitudes ciudadanas.<\/p>\n\n\n\n<p>Por su lado, Tracy Franco, madre de familia, agradeci\u00f3 a las dependencias de gobierno involucradas en la obra por mejorar las instalaciones del Jard\u00edn de Ni\u00f1os, e hizo un llamado a los padres y madres de familia a que se unan a estos esfuerzos y contribuyan a mantener en buen estado las instalaciones escolares.<\/p>\n\n\n\n<p>En la ceremonia de inicio de obra, la alcaldesa y la titular del IEIFE estuvieron acompa\u00f1adas del Oficial Mayor, Alejandro Serrano Cortes; la Contralora Municipal, Mariana S\u00e1nchez Mart\u00ednez; el titular de educaci\u00f3n, Jos\u00e9 Juan Castro Castillo; Patricia Flores Esquivel, directora de Respuesta Ciudadana, autoridades educativas, alumnos y padres de familia de la instituci\u00f3n.<\/p>\n","protected":false},"excerpt":{"rendered":"<p>En este proyecto se invertir\u00e1n m\u00e1s de 450 mil pesos de Gobierno del Estado y se beneficiar\u00e1 a m\u00e1s de 190 estudiantes del plantel, garantizando bienestar y seguridad En la encomienda de seguir impulsando a las nuevas generaciones mediante espacios para su educaci\u00f3n en condiciones \u00f3ptimas, con infraestructura de calidad y seguras, el Ayuntamiento de [&hellip;]<\/p>\n","protected":false},"author":1,"featured_media":5738,"comment_status":"open","ping_status":"open","sticky":false,"template":"","format":"standard","meta":{"footnotes":""},"categories":[30,1,24,21],"tags":[143,144,27],"class_list":{"0":"post-5737","1":"post","2":"type-post","3":"status-publish","4":"format-standard","5":"has-post-thumbnail","7":"category-de-la-region-centro","8":"category-destacadas","9":"category-informacion-general","10":"category-tu-soledad","11":"tag-inician-construccion-de-barda-de-jardin-de-ninos","12":"tag-jardin-de-ninos-en-moctezuma","13":"tag-soledad"},"_links":{"self":[{"href":"https:\/\/cronicadesoledad.com\/index.php\/wp-json\/wp\/v2\/posts\/5737","targetHints":{"allow":["GET"]}}],"collection":[{"href":"https:\/\/cronicadesoledad.com\/index.php\/wp-json\/wp\/v2\/posts"}],"about":[{"href":"https:\/\/cronicadesoledad.com\/index.php\/wp-json\/wp\/v2\/types\/post"}],"author":[{"embeddable":true,"href":"https:\/\/cronicadesoledad.com\/index.php\/wp-json\/wp\/v2\/users\/1"}],"replies":[{"embeddable":true,"href":"https:\/\/cronicadesoledad.com\/index.php\/wp-json\/wp\/v2\/comments?post=5737"}],"version-history":[{"count":1,"href":"https:\/\/cronicadesoledad.com\/index.php\/wp-json\/wp\/v2\/posts\/5737\/revisions"}],"predecessor-version":[{"id":5739,"href":"https:\/\/cronicadesoledad.com\/index.php\/wp-json\/wp\/v2\/posts\/5737\/revisions\/5739"}],"wp:featuredmedia":[{"embeddable":true,"href":"https:\/\/cronicadesoledad.com\/index.php\/wp-json\/wp\/v2\/media\/5738"}],"wp:attachment":[{"href":"https:\/\/cronicadesoledad.com\/index.php\/wp-json\/wp\/v2\/media?parent=5737"}],"wp:term":[{"taxonomy":"category","embeddable":true,"href":"https:\/\/cronicadesoledad.com\/index.php\/wp-json\/wp\/v2\/categories?post=5737"},{"taxonomy":"post_tag","embeddable":true,"href":"https:\/\/cronicadesoledad.com\/index.php\/wp-json\/wp\/v2\/tags?post=5737"}],"curies":[{"name":"wp","href":"https:\/\/api.w.org\/{rel}","templated":true}]}}