{"id":5740,"date":"2023-08-31T17:22:55","date_gmt":"2023-08-31T23:22:55","guid":{"rendered":"https:\/\/cronicadesoledad.com\/?p=5740"},"modified":"2023-08-31T19:23:20","modified_gmt":"2023-09-01T01:23:20","slug":"soledad-ofrecio-espacios-laborales-a-la-juventud","status":"publish","type":"post","link":"https:\/\/cronicadesoledad.com\/index.php\/2023\/08\/31\/soledad-ofrecio-espacios-laborales-a-la-juventud\/","title":{"rendered":"Soledad ofreci\u00f3 espacios laborales a la juventud"},"content":{"rendered":"\n<h2 class=\"wp-block-heading\">Se ofrecieron 1,500 vacantes en las \u00e1reas de operativos, t\u00e9cnicos y administrativos, derivado del apoyo del Estado, a trav\u00e9s de la Secretar\u00eda del Trabajo y Previsi\u00f3n Social<\/h2>\n\n\n\n<p>Con la participaci\u00f3n de m\u00e1s de 30 empresas en diferentes rubros, este jueves, se llev\u00f3 a cabo en el Auditorio Municipal de Soledad de Graciano S\u00e1nchez, la \u201cFeria Nacional del Empleo para la Inclusi\u00f3n Laboral de la Juventud\u201d, con el apoyo de la Secretar\u00eda del Trabajo y Previsi\u00f3n Social de Gobierno del Estado, en donde se ofertaron mil 500 vacantes en las \u00e1reas operativas, t\u00e9cnicas y administrativas; asimismo, la Direcci\u00f3n General de Seguridad P\u00fablica Municipal estuvo reclutando nuevos elementos policiacos.<\/p>\n\n\n\n<p>Esta actividad fue inaugurada por el secretario General de Gobierno, J. Guadalupe Torres S\u00e1nchez, en representaci\u00f3n del Gobernador, Ricardo Gallardo Cardona; autoridades municipales y representantes del mercado laboral. Se cont\u00f3 con la participaci\u00f3n de alumnas y alumnos de instituciones de educaci\u00f3n media superior, quienes tuvieron la oportunidad de conocer las opciones laborales de estas importantes empresas.<\/p>\n\n\n\n<p>Durante el acto inaugural, el secretario general de Gobierno del Estado, J. Guadalupe Torres S\u00e1nchez reconoci\u00f3 el esfuerzo que realizaron todas las empresas e instituciones p\u00fablicas para realizar esta jornada laboral, a las y los j\u00f3venes presentes los alent\u00f3 para superarse en su vida y aprovechar las oportunidades laborales. \u201cEncontrar un empleo no s\u00f3lo significa tener una fuente de ingresos, sino tambi\u00e9n la posibilidad de mejorar sus competencias profesionales, nosotros desde el Gobierno del Estado apoyamos sin distinciones y estamos aqu\u00ed para impulsarlos en cada paso del camino\u201d.<\/p>\n\n\n\n<p>Por su parte, en representaci\u00f3n de la Alcaldesa Leonor Noyola Cervantes, el secretario general del Ayuntamiento soledense, Ernesto Jes\u00fas Barajas \u00c1brego, dio la bienvenida a todas las autoridades municipales, estatales y nacionales presentes en la Feria del Empleo. Recalc\u00f3 la importancia de las oportunidades del empleo y la vinculaci\u00f3n laboral, por ello refrend\u00f3 el compromiso del Gobierno Municipal de seguirse sumando a estos proyectos en beneficio de toda la poblaci\u00f3n en general.<\/p>\n\n\n\n<p>N\u00e9stor Eduardo Garza \u00c1lvarez, secretario del Trabajo, extern\u00f3 sobre la importancia de la estrategia integral para la Inclusi\u00f3n laboral con la que se trabaja en el Gobierno Estatal, \u201c j\u00f3venes entre 18 y 29 a\u00f1os representan el 40 por ciento de la poblaci\u00f3n de nuestro Estado y se requieren oportunidades de empleo dignas para todos ellos\u201d.<\/p>\n\n\n\n<p>Estuvieron en la apertura de este evento, la presidenta de Sistema Municipal DIF de Soledad, Mar\u00eda del Pilar Cardona Reyna; Jos\u00e9 Edgar Gonz\u00e1lez Cancino, administrador desconcentrado del Servicio de Administraci\u00f3n Tributaria (SAT); Gerardo Sosa de Torres, director del instituto Municipal de la Juventud en Soledad; Graciela Zendejas Gonz\u00e1lez, directora de recursos humanos de Daikin Manufacturing M\u00e9xico y Giovana Itzel Arg\u00fcelles Moreno, presidenta de la Comisi\u00f3n Estatal de Derechos Humanos.<\/p>\n","protected":false},"excerpt":{"rendered":"<p>Se ofrecieron 1,500 vacantes en las \u00e1reas de operativos, t\u00e9cnicos y administrativos, derivado del apoyo del Estado, a trav\u00e9s de la Secretar\u00eda del Trabajo y Previsi\u00f3n Social Con la participaci\u00f3n de m\u00e1s de 30 empresas en diferentes rubros, este jueves, se llev\u00f3 a cabo en el Auditorio Municipal de Soledad de Graciano S\u00e1nchez, la \u201cFeria [&hellip;]<\/p>\n","protected":false},"author":1,"featured_media":5741,"comment_status":"open","ping_status":"open","sticky":false,"template":"","format":"standard","meta":{"footnotes":""},"categories":[30,1,24,21],"tags":[145,120,27],"class_list":{"0":"post-5740","1":"post","2":"type-post","3":"status-publish","4":"format-standard","5":"has-post-thumbnail","7":"category-de-la-region-centro","8":"category-destacadas","9":"category-informacion-general","10":"category-tu-soledad","11":"tag-espacios-laborales-a-la-juventud","12":"tag-feria-del-empleo","13":"tag-soledad"},"_links":{"self":[{"href":"https:\/\/cronicadesoledad.com\/index.php\/wp-json\/wp\/v2\/posts\/5740","targetHints":{"allow":["GET"]}}],"collection":[{"href":"https:\/\/cronicadesoledad.com\/index.php\/wp-json\/wp\/v2\/posts"}],"about":[{"href":"https:\/\/cronicadesoledad.com\/index.php\/wp-json\/wp\/v2\/types\/post"}],"author":[{"embeddable":true,"href":"https:\/\/cronicadesoledad.com\/index.php\/wp-json\/wp\/v2\/users\/1"}],"replies":[{"embeddable":true,"href":"https:\/\/cronicadesoledad.com\/index.php\/wp-json\/wp\/v2\/comments?post=5740"}],"version-history":[{"count":2,"href":"https:\/\/cronicadesoledad.com\/index.php\/wp-json\/wp\/v2\/posts\/5740\/revisions"}],"predecessor-version":[{"id":5775,"href":"https:\/\/cronicadesoledad.com\/index.php\/wp-json\/wp\/v2\/posts\/5740\/revisions\/5775"}],"wp:featuredmedia":[{"embeddable":true,"href":"https:\/\/cronicadesoledad.com\/index.php\/wp-json\/wp\/v2\/media\/5741"}],"wp:attachment":[{"href":"https:\/\/cronicadesoledad.com\/index.php\/wp-json\/wp\/v2\/media?parent=5740"}],"wp:term":[{"taxonomy":"category","embeddable":true,"href":"https:\/\/cronicadesoledad.com\/index.php\/wp-json\/wp\/v2\/categories?post=5740"},{"taxonomy":"post_tag","embeddable":true,"href":"https:\/\/cronicadesoledad.com\/index.php\/wp-json\/wp\/v2\/tags?post=5740"}],"curies":[{"name":"wp","href":"https:\/\/api.w.org\/{rel}","templated":true}]}}