{"id":5779,"date":"2023-09-01T17:12:46","date_gmt":"2023-09-01T23:12:46","guid":{"rendered":"https:\/\/cronicadesoledad.com\/?p=5779"},"modified":"2023-09-01T17:12:47","modified_gmt":"2023-09-01T23:12:47","slug":"se-presentara-el-mercadito-de-emprendedores-este-fin-de-semana","status":"publish","type":"post","link":"https:\/\/cronicadesoledad.com\/index.php\/2023\/09\/01\/se-presentara-el-mercadito-de-emprendedores-este-fin-de-semana\/","title":{"rendered":"Se presentara el Mercadito de emprendedores este fin de semana"},"content":{"rendered":"\n<h2 class=\"wp-block-heading\">Se realizar\u00e1 este s\u00e1bado y domingo en la Plaza principal, con la participaci\u00f3n de 90 expositores y expositoras que ofrecer\u00e1n art\u00edculos caseros, artesanales, entre otros<\/h2>\n\n\n\n<p>El municipio de Soledad de Graciano S\u00e1nchez se prepara para llevar a cabo una nueva edici\u00f3n del \u201cMercadito Emprendedores\u201d, el cual no solo promover\u00e1 el talento soledense, tambi\u00e9n fomentar\u00e1 el esp\u00edritu emprendedor e impulsar\u00e1 el consumo local, inform\u00f3 F\u00e9lix Herrera Ortega, director de Desarrollo Econ\u00f3mico, quien adelant\u00f3 que se llevar\u00e1 a cabo en la Plaza principal.<\/p>\n\n\n\n<p>Explic\u00f3 que en el constante apoyo que se brinda a las personas que buscan iniciar planes de negocios para el crecimiento de sus actividades de ingreso econ\u00f3mico, la Alcaldesa, Leonor Noyola Cervantes, ha mostrado total disposici\u00f3n para la realizaci\u00f3n de estos Mercaditos que representan una alternativa exitosa para el fortalecimiento del emprendedurismo.<\/p>\n\n\n\n<p>Este evento se llevar\u00e1 a cabo los d\u00edas dos y tres de septiembre en un horario de&nbsp; 11 de la ma\u00f1ana hasta las 9 de la noche. Durante estos dos d\u00edas, las y los visitantes tendr\u00e1n la oportunidad de explorar una variada selecci\u00f3n de producto, desde los elaborados de forma artesanal y \u00fanica hasta art\u00edculos en tendencia, por parte de 90 expositores y expositoras.<\/p>\n\n\n\n<p>Destac\u00f3 que en \u00e9ste, participan personas de todas las edades, incluso han asistido ni\u00f1os y ni\u00f1as con un proyecto comercial s\u00f3lido, por lo que reafirm\u00f3 el respaldo que significa para las y los emprendedores: \u201cinvito a todas las personas interesadas en participar como expositores a acercarse a la Direcci\u00f3n de Desarrollo Econ\u00f3mico para obtener informaci\u00f3n detallada sobre c\u00f3mo formar parte de esta oportunidad&nbsp;\u00fanica\u201d.<\/p>\n","protected":false},"excerpt":{"rendered":"<p>Se realizar\u00e1 este s\u00e1bado y domingo en la Plaza principal, con la participaci\u00f3n de 90 expositores y expositoras que ofrecer\u00e1n art\u00edculos caseros, artesanales, entre otros El municipio de Soledad de Graciano S\u00e1nchez se prepara para llevar a cabo una nueva edici\u00f3n del \u201cMercadito Emprendedores\u201d, el cual no solo promover\u00e1 el talento soledense, tambi\u00e9n fomentar\u00e1 el [&hellip;]<\/p>\n","protected":false},"author":1,"featured_media":5780,"comment_status":"open","ping_status":"open","sticky":false,"template":"","format":"standard","meta":{"footnotes":""},"categories":[30,1,24,21],"tags":[167,168,27],"class_list":{"0":"post-5779","1":"post","2":"type-post","3":"status-publish","4":"format-standard","5":"has-post-thumbnail","7":"category-de-la-region-centro","8":"category-destacadas","9":"category-informacion-general","10":"category-tu-soledad","11":"tag-mercadito-de-emprendedores","12":"tag-mercadito-en-soledad","13":"tag-soledad"},"_links":{"self":[{"href":"https:\/\/cronicadesoledad.com\/index.php\/wp-json\/wp\/v2\/posts\/5779","targetHints":{"allow":["GET"]}}],"collection":[{"href":"https:\/\/cronicadesoledad.com\/index.php\/wp-json\/wp\/v2\/posts"}],"about":[{"href":"https:\/\/cronicadesoledad.com\/index.php\/wp-json\/wp\/v2\/types\/post"}],"author":[{"embeddable":true,"href":"https:\/\/cronicadesoledad.com\/index.php\/wp-json\/wp\/v2\/users\/1"}],"replies":[{"embeddable":true,"href":"https:\/\/cronicadesoledad.com\/index.php\/wp-json\/wp\/v2\/comments?post=5779"}],"version-history":[{"count":1,"href":"https:\/\/cronicadesoledad.com\/index.php\/wp-json\/wp\/v2\/posts\/5779\/revisions"}],"predecessor-version":[{"id":5781,"href":"https:\/\/cronicadesoledad.com\/index.php\/wp-json\/wp\/v2\/posts\/5779\/revisions\/5781"}],"wp:featuredmedia":[{"embeddable":true,"href":"https:\/\/cronicadesoledad.com\/index.php\/wp-json\/wp\/v2\/media\/5780"}],"wp:attachment":[{"href":"https:\/\/cronicadesoledad.com\/index.php\/wp-json\/wp\/v2\/media?parent=5779"}],"wp:term":[{"taxonomy":"category","embeddable":true,"href":"https:\/\/cronicadesoledad.com\/index.php\/wp-json\/wp\/v2\/categories?post=5779"},{"taxonomy":"post_tag","embeddable":true,"href":"https:\/\/cronicadesoledad.com\/index.php\/wp-json\/wp\/v2\/tags?post=5779"}],"curies":[{"name":"wp","href":"https:\/\/api.w.org\/{rel}","templated":true}]}}