{"id":5782,"date":"2023-09-01T17:28:13","date_gmt":"2023-09-01T23:28:13","guid":{"rendered":"https:\/\/cronicadesoledad.com\/?p=5782"},"modified":"2023-09-01T17:28:14","modified_gmt":"2023-09-01T23:28:14","slug":"habitantes-de-la-lomita-destacan-los-beneficios-de-la-pavimentacion","status":"publish","type":"post","link":"https:\/\/cronicadesoledad.com\/index.php\/2023\/09\/01\/habitantes-de-la-lomita-destacan-los-beneficios-de-la-pavimentacion\/","title":{"rendered":"Habitantes de La Lomita destacan los beneficios de la pavimentaci\u00f3n"},"content":{"rendered":"\n<h2 class=\"wp-block-heading\">Agradecieron a la Alcaldesa, Leonor Noyola Cervantes, por el trabajo realizado en el per\u00edmetro que ansiaba una renovaci\u00f3n desde hace tiempo, y que este a\u00f1o obtuvo respuesta favorable<\/h2>\n\n\n\n<p>La espera lleg\u00f3 a su fin para las y los residentes de la colonia La Lomita, quienes finalmente gozan de una significativamente obra urbana que ha transformado significativamente su entorno: calle Diana, misma que les fue entregada por la Alcaldesa, Leonor Noyola Cervantes, el pasado jueves. De acuerdo a la comunidad soledense, con esta pavimentaci\u00f3n se acabaron las enfermedades e inundaciones para las familias, lo cual es agradecido por todas y todos.<\/p>\n\n\n\n<p>Sandra Mart\u00ednez, residente de la colonia, destac\u00f3 que con la finalizaci\u00f3n de la obra se han superado los problemas de oscuridad y las inundaciones que sol\u00edan afectar la zona: &#8220;qued\u00f3 en excelentes condiciones, el alumbrado es excelente, no hemos tenido ning\u00fan problema&#8221;, afirm\u00f3. Se\u00f1al\u00f3, adem\u00e1s, que durante las recientes lluvias el agua fluy\u00f3 adecuadamente, marcando un gran contraste con las dificultades que enfrentaban antes de la renovaci\u00f3n.<\/p>\n\n\n\n<p>Gerardo Ortiz Mart\u00ednez, otro residente del sector, subray\u00f3 que el proyecto de pavimentaci\u00f3n representa un beneficio directo para quienes habitan la calle Dian, al asegurar que antes los baches en la zona causaban problemas viales, adem\u00e1s de afectar el traslado de estudiantes que asisten a las escuelas cercanas. &#8220;Estamos fascinados con la inauguraci\u00f3n de esta avenida, principalmente por el buen alumbrado que ahora tenemos por las noches, estamos muy agradecidos&#8221;, expres\u00f3.<\/p>\n\n\n\n<p>Mar\u00eda Cristina Armenta, madre de familia, enfatiz\u00f3 que el proyecto entregado por la edil soledense ha puesto fin a los problemas de inundaciones y contaminaci\u00f3n que sol\u00edan afectar la calidad del agua en la zona durante las lluvias. &#8220;Le damos las gracias a la Alcaldesa ya no andaremos en las inundaciones, toda La Lomita le agradece&#8221;, expres\u00f3.<\/p>\n\n\n\n<p>Otra habitante desde hace 19 a\u00f1os y afortunada de este calle, Martha Patricia P\u00e9rez, expres\u00f3 su agradecimiento a las autoridades municipales por la rehabilitaci\u00f3n de la arteria, adem\u00e1s de destacar la importancia de la instalaci\u00f3n de luminarias en un \u00e1rea de alto tr\u00e1nsito: &#8220;le damos las gracias por esta obra, ya ten\u00edamos cerca de 20 a\u00f1os y nos hizo caso, fue un logro para nosotros y el agradecimiento es para la alcaldesa&#8221;,&nbsp;concluy\u00f3.<\/p>\n","protected":false},"excerpt":{"rendered":"<p>Agradecieron a la Alcaldesa, Leonor Noyola Cervantes, por el trabajo realizado en el per\u00edmetro que ansiaba una renovaci\u00f3n desde hace tiempo, y que este a\u00f1o obtuvo respuesta favorable La espera lleg\u00f3 a su fin para las y los residentes de la colonia La Lomita, quienes finalmente gozan de una significativamente obra urbana que ha transformado [&hellip;]<\/p>\n","protected":false},"author":1,"featured_media":5783,"comment_status":"open","ping_status":"open","sticky":false,"template":"","format":"standard","meta":{"footnotes":""},"categories":[30,1,24,21],"tags":[171,170,169],"class_list":{"0":"post-5782","1":"post","2":"type-post","3":"status-publish","4":"format-standard","5":"has-post-thumbnail","7":"category-de-la-region-centro","8":"category-destacadas","9":"category-informacion-general","10":"category-tu-soledad","11":"tag-destacan-pavimentacion-de-la-lomita","12":"tag-habitantes-de-la-lomita","13":"tag-la-lomita"},"_links":{"self":[{"href":"https:\/\/cronicadesoledad.com\/index.php\/wp-json\/wp\/v2\/posts\/5782","targetHints":{"allow":["GET"]}}],"collection":[{"href":"https:\/\/cronicadesoledad.com\/index.php\/wp-json\/wp\/v2\/posts"}],"about":[{"href":"https:\/\/cronicadesoledad.com\/index.php\/wp-json\/wp\/v2\/types\/post"}],"author":[{"embeddable":true,"href":"https:\/\/cronicadesoledad.com\/index.php\/wp-json\/wp\/v2\/users\/1"}],"replies":[{"embeddable":true,"href":"https:\/\/cronicadesoledad.com\/index.php\/wp-json\/wp\/v2\/comments?post=5782"}],"version-history":[{"count":1,"href":"https:\/\/cronicadesoledad.com\/index.php\/wp-json\/wp\/v2\/posts\/5782\/revisions"}],"predecessor-version":[{"id":5784,"href":"https:\/\/cronicadesoledad.com\/index.php\/wp-json\/wp\/v2\/posts\/5782\/revisions\/5784"}],"wp:featuredmedia":[{"embeddable":true,"href":"https:\/\/cronicadesoledad.com\/index.php\/wp-json\/wp\/v2\/media\/5783"}],"wp:attachment":[{"href":"https:\/\/cronicadesoledad.com\/index.php\/wp-json\/wp\/v2\/media?parent=5782"}],"wp:term":[{"taxonomy":"category","embeddable":true,"href":"https:\/\/cronicadesoledad.com\/index.php\/wp-json\/wp\/v2\/categories?post=5782"},{"taxonomy":"post_tag","embeddable":true,"href":"https:\/\/cronicadesoledad.com\/index.php\/wp-json\/wp\/v2\/tags?post=5782"}],"curies":[{"name":"wp","href":"https:\/\/api.w.org\/{rel}","templated":true}]}}