{"id":5794,"date":"2023-09-01T18:19:49","date_gmt":"2023-09-02T00:19:49","guid":{"rendered":"https:\/\/cronicadesoledad.com\/?p=5794"},"modified":"2023-09-01T18:19:49","modified_gmt":"2023-09-02T00:19:49","slug":"video-asi-se-ve-por-dentro-el-tren-maya-en-su-primer-recorrido","status":"publish","type":"post","link":"https:\/\/cronicadesoledad.com\/index.php\/2023\/09\/01\/video-asi-se-ve-por-dentro-el-tren-maya-en-su-primer-recorrido\/","title":{"rendered":"VIDEO: As\u00ed se ve por dentro el Tren Maya en su primer recorrido"},"content":{"rendered":"\n<h2 class=\"wp-block-heading\">Este 1 de septiembre, AMLO realiz\u00f3 un primer viaje, en el marco del Quinto Informe de Gobierno<\/h2>\n\n\n\n<p>El\u00a0presidente Andr\u00e9s Manuel L\u00f3pez Obrador\u00a0realiz\u00f3 su primer recorrido de supervisi\u00f3n abordo del\u00a0Tren Maya.<\/p>\n\n\n\n<figure class=\"wp-block-embed is-type-video is-provider-youtube wp-block-embed-youtube wp-embed-aspect-16-9 wp-has-aspect-ratio\"><div class=\"wp-block-embed__wrapper\">\n<div class=\"youtube-embed\" data-video_id=\"NA4E26E33X0\"><iframe loading=\"lazy\" title=\"AMLO se sube al Tren Maya y realiza su primer recorrido de supervisi\u00f3n, viaja de Campeche a M\u00e9rida\" width=\"696\" height=\"392\" src=\"https:\/\/www.youtube.com\/embed\/NA4E26E33X0?feature=oembed&#038;enablejsapi=1\" frameborder=\"0\" allow=\"accelerometer; autoplay; clipboard-write; encrypted-media; gyroscope; picture-in-picture; web-share\" allowfullscreen><\/iframe><\/div>\n<\/div><figcaption class=\"wp-element-caption\">Video: El Universal<\/figcaption><\/figure>\n\n\n\n<p>En la estaci\u00f3n San Francisco de Campeche, el Mandatario parti\u00f3 rumbo a M\u00e9rida, Yucat\u00e1n.<\/p>\n\n\n\n<p>El presidente L\u00f3pez Obrador viaja acompa\u00f1ado por directivos de las empresas constructoras, entre ellos el ingeniero Carlos Slim; as\u00ed como por integrantes del Gabinete Legal y ampliado.<\/p>\n\n\n\n<p>En el marco del Quinto Informe de Gobierno, AMLO asegur\u00f3 que el Tren Maya ser\u00e1 inaugurado en diciembre.<\/p>\n\n\n\n<h2 class=\"wp-block-heading\"><strong>Tren Maya: Cu\u00e1les estados recorrer\u00e1<\/strong><\/h2>\n\n\n\n<p>El Tren Maya, uno de los proyectos estrella del gobierno de L\u00f3pez Obrador, recorrer\u00e1 los siguientes estados:<\/p>\n\n\n\n<p>*Chiapas<\/p>\n\n\n\n<p>*Tabasco<\/p>\n\n\n\n<p>*Campeche<\/p>\n\n\n\n<p>*Yucat\u00e1n<\/p>\n\n\n\n<p>*Quintana Roo<\/p>\n\n\n\n<p>Dividido en 3 partes; Selva, Golfo y Caribe.<\/p>\n\n\n\n<h2 class=\"wp-block-heading\"><strong>Tren Maya: Cu\u00e1nto costar\u00e1n los boletos<\/strong><\/h2>\n\n\n\n<p>Entrada general<\/p>\n\n\n\n<p>Nacional Persona $60.00<\/p>\n\n\n\n<p>Extranjero Persona $80.00<\/p>\n\n\n\n<p>Estudiantes con credencial vigente Nacional Persona $30.00<\/p>\n\n\n\n<p>Profesores con credencial vigente Nacional Persona $30.00<\/p>\n\n\n\n<p>Estacionamientos autom\u00f3vil Nacional\/Extranjero Veh\u00edculo $10.00<\/p>\n\n\n\n<p>Estacionamiento autob\u00fas Nacional\/Extranjero Veh\u00edculo $20.00<\/p>\n\n\n\n<p>Recorrido Corto (Tour Rafting) Nacional\/Extranjero Persona$25.00<\/p>\n\n\n\n<h2 class=\"wp-block-heading\"><strong>Tren Maya: Qui\u00e9nes NO pagan por boleto<\/strong><\/h2>\n\n\n\n<p>Tercera edad o adultos mayores con credencial del INSEN vigente<\/p>\n\n\n\n<p>Jubilados y pensionados con redencial vigente<\/p>\n\n\n\n<p>Ni\u00f1os menores a 5 a\u00f1os<\/p>\n\n\n\n<p>Personas con discapacidad (auditiva,motora,visual, psicosocial o intelectual)<\/p>\n\n\n\n<p>Ni\u00f1os menores de 12 a\u00f1os (s\u00e1bados)<\/p>\n\n\n\n<p>Visitantes Locales de Huatulco (domingos presentando credencial INE)<\/p>\n\n\n\n<p>Visitantes escolares (previa solicitud por escrito a la Administraci\u00f3n del parque)<\/p>\n\n\n\n<h2 class=\"wp-block-heading\"><strong>VIDEO: Tren Maya as\u00ed es por dentro<\/strong><\/h2>\n\n\n\n<p>Rom\u00e1n Meyer, secretario de Desarrollo Agrario, Territorial y Urbano, comparti\u00f3 uhn video del primer viaje en el Tren Maya. En el video se observa a una azafata compartir informaci\u00f3n con los pasajeros, quienes van grabando con sus tel\u00e9fonos celulares parte del recorrido.<\/p>\n\n\n\n<p>Seg\u00fan se aprecia en el breve video, los asientos del Tren Maya son azules apilados en conjuntos de dos en dos. Desde el transporte se aprecia la selva.<\/p>\n","protected":false},"excerpt":{"rendered":"<p>Este 1 de septiembre, AMLO realiz\u00f3 un primer viaje, en el marco del Quinto Informe de Gobierno El\u00a0presidente Andr\u00e9s Manuel L\u00f3pez Obrador\u00a0realiz\u00f3 su primer recorrido de supervisi\u00f3n abordo del\u00a0Tren Maya. En la estaci\u00f3n San Francisco de Campeche, el Mandatario parti\u00f3 rumbo a M\u00e9rida, Yucat\u00e1n. El presidente L\u00f3pez Obrador viaja acompa\u00f1ado por directivos de las empresas [&hellip;]<\/p>\n","protected":false},"author":1,"featured_media":5795,"comment_status":"open","ping_status":"open","sticky":false,"template":"","format":"standard","meta":{"footnotes":""},"categories":[1,24],"tags":[181,180,179],"class_list":{"0":"post-5794","1":"post","2":"type-post","3":"status-publish","4":"format-standard","5":"has-post-thumbnail","7":"category-destacadas","8":"category-informacion-general","9":"tag-asi-es-por-dentro-el-tren-maya","10":"tag-primer-recorrido-del-tren-maya","11":"tag-tren-maya"},"_links":{"self":[{"href":"https:\/\/cronicadesoledad.com\/index.php\/wp-json\/wp\/v2\/posts\/5794","targetHints":{"allow":["GET"]}}],"collection":[{"href":"https:\/\/cronicadesoledad.com\/index.php\/wp-json\/wp\/v2\/posts"}],"about":[{"href":"https:\/\/cronicadesoledad.com\/index.php\/wp-json\/wp\/v2\/types\/post"}],"author":[{"embeddable":true,"href":"https:\/\/cronicadesoledad.com\/index.php\/wp-json\/wp\/v2\/users\/1"}],"replies":[{"embeddable":true,"href":"https:\/\/cronicadesoledad.com\/index.php\/wp-json\/wp\/v2\/comments?post=5794"}],"version-history":[{"count":1,"href":"https:\/\/cronicadesoledad.com\/index.php\/wp-json\/wp\/v2\/posts\/5794\/revisions"}],"predecessor-version":[{"id":5796,"href":"https:\/\/cronicadesoledad.com\/index.php\/wp-json\/wp\/v2\/posts\/5794\/revisions\/5796"}],"wp:featuredmedia":[{"embeddable":true,"href":"https:\/\/cronicadesoledad.com\/index.php\/wp-json\/wp\/v2\/media\/5795"}],"wp:attachment":[{"href":"https:\/\/cronicadesoledad.com\/index.php\/wp-json\/wp\/v2\/media?parent=5794"}],"wp:term":[{"taxonomy":"category","embeddable":true,"href":"https:\/\/cronicadesoledad.com\/index.php\/wp-json\/wp\/v2\/categories?post=5794"},{"taxonomy":"post_tag","embeddable":true,"href":"https:\/\/cronicadesoledad.com\/index.php\/wp-json\/wp\/v2\/tags?post=5794"}],"curies":[{"name":"wp","href":"https:\/\/api.w.org\/{rel}","templated":true}]}}