{"id":5797,"date":"2023-09-01T18:25:56","date_gmt":"2023-09-02T00:25:56","guid":{"rendered":"https:\/\/cronicadesoledad.com\/?p=5797"},"modified":"2023-09-01T18:25:57","modified_gmt":"2023-09-02T00:25:57","slug":"se-mantendra-el-camino-de-la-democracia-amlo","status":"publish","type":"post","link":"https:\/\/cronicadesoledad.com\/index.php\/2023\/09\/01\/se-mantendra-el-camino-de-la-democracia-amlo\/","title":{"rendered":"Se mantendr\u00e1 el camino de la democracia: AMLO"},"content":{"rendered":"\n<h2 class=\"wp-block-heading\">A poco m\u00e1s de un a\u00f1o de que concluya su gobierno, el presidente Andr\u00e9s Manuel L\u00f3pez Obrador asegur\u00f3 que se mantendr\u00e1 en el camino de la democracia<\/h2>\n\n\n\n<p>A poco m\u00e1s de un a\u00f1o de que concluya su gobierno, el presidente Andr\u00e9s Manuel L\u00f3pez Obrador asegur\u00f3 que se mantendr\u00e1 en el camino de la democracia.<\/p>\n\n\n\n<p>\u201cSeguiremos caminando, seguiremos caminando hacia los sublimes ideales de la democracia, la democracia verdadera, la justicia, la igualdad, la libertad, la fraternidad y la soberan\u00eda. Nada de corrupci\u00f3n, nada de extravagancias, nada, cero, autoritarismo, nada de clasismo, nada de racismo, nada de discriminaci\u00f3n. Democracia s\u00ed, oligarqu\u00eda no; honestidad s\u00ed, corrupci\u00f3n no; justicia y fraternidad s\u00ed, pobreza y desigualdad no\u201d, lanz\u00f3 desde Campeche.<\/p>\n\n\n\n<p>Este viernes, L\u00f3pez Obrador encabez\u00f3 su Quinto Informe de Gobierno como lo marca el art\u00edculo 69 de la Constituci\u00f3n, el cual se debe realizar el d\u00eda en que abre el a\u00f1o legislativo en el Congreso de la Uni\u00f3n.<\/p>\n\n\n\n<p>El presidente eligi\u00f3 Campeche porque es en ese estado en el que se construye el tramo dos del Tren Maya, obra insignia de su administraci\u00f3n que ser\u00e1 inaugurada en diciembre de 2023.<\/p>\n\n\n\n<p>En su discurso, el mandatario federal critic\u00f3 al Poder judicial, el cual dijo est\u00e1 bajo consigna de intereses delictivos y alert\u00f3 de convivencias inconfesables.<\/p>\n\n\n\n<p>\u201cLos impartidores de justicia deben servir al pueblo, a sus causas y a sus mandatos, y no como ocurre ahora, operar bajo la consigna de beneficio de grupos o de facciones pol\u00edticas econ\u00f3micas y hasta bajo consigna de intereses delictivos\u201d, alert\u00f3.<\/p>\n\n\n\n<p>En la recta final de su administraci\u00f3n, inform\u00f3 que enviar\u00e1 una iniciativa para reformar al Poder Judicial, con el cual ha tenido varias diferencias en las \u00faltimas semanas a causa de la suspensi\u00f3n en la distribuci\u00f3n de libros de texto gratuito.<\/p>\n\n\n\n<p>\u201cEs indispensable y urgente que los jueces, magistrados y ministros sean electos de manera directa por el pueblo y no los designe la \u00e9lite del poder econ\u00f3mico y pol\u00edtico de M\u00e9xico. As\u00ed como se elige a los presidentes municipales, hombres o mujeres, a las gobernadoras, gobernadores, as\u00ed como se elige a los diputados locales, a los diputados federales, a los senadores, al presidente de la Rep\u00fablica, as\u00ed hay que elegir a los jueces, magistrados y ministros\u201d, anunci\u00f3.<\/p>\n\n\n\n<p>El titular del Ejecutivo federal destac\u00f3 que debido a una controversia constitucional, que concedi\u00f3 un ministro de la Corte, se suspendi\u00f3 la entrega de libros en Chihuahua y Coahuila.<\/p>\n\n\n\n<p>\u201cComo es sabido, dos gobiernos estatales recurrieron, porque tienen ese derecho, a una controversia constitucional, y un ministro de la corte, que tambi\u00e9n tiene esa facultad, resolvieron impedir que los j\u00f3venes estudiantes, ni\u00f1as, ni\u00f1os, cuenten con estos libros de texto. Sin embargo, estamos esperando la decisi\u00f3n definitiva y tambi\u00e9n la opini\u00f3n de maestros, maestras y padres de familia de los estados de Coahuila y Chihuahua para tomar una decisi\u00f3n definitiva sobre este lamentable asunto\u201d, resalt\u00f3.<\/p>\n\n\n\n<p>Agradeci\u00f3 que 30 de 32 de los gobernadores, respaldaron la decisi\u00f3n de entregar los libros gratuitos de nivel b\u00e1sico para el ciclo 2023-2024 que inici\u00f3 este lunes 28 de agosto<\/p>\n\n\n\n<p>El presidente Andr\u00e9s Manuel L\u00f3pez Obrador resalt\u00f3 que su gobierno ha logrado disminuir la violencia, en particular en delitos como homicidio y feminicidio.<\/p>\n\n\n\n<p>\u201cLos delitos del fuero federal se han reducido en 24%, el homicidio en 17%, el robo en 26%, el feminicidio el 29%, el robo de veh\u00edculo en 44% y el secuestro en 80%\u201d, dijo.<\/p>\n\n\n\n<p>Asegur\u00f3 que su estrategia de atender las causas est\u00e1 dando resultado: \u201cen materia de seguridad p\u00fablica est\u00e1 funcionando bien nuestra estrategia de atender las causas de la violencia, aplicando el principio de que la paz es fruto de la justicia\u201d.<\/p>\n\n\n\n<p>El presidente aprovech\u00f3 para insistir que en su gobierno est\u00e1 muy bien definida la l\u00ednea entre autoridad y delincuencia organizada.<\/p>\n\n\n\n<p><a href=\"https:\/\/sitio.sanluis.gob.mx\/SanLuisPotoSi\/\"><\/a><\/p>\n","protected":false},"excerpt":{"rendered":"<p>A poco m\u00e1s de un a\u00f1o de que concluya su gobierno, el presidente Andr\u00e9s Manuel L\u00f3pez Obrador asegur\u00f3 que se mantendr\u00e1 en el camino de la democracia A poco m\u00e1s de un a\u00f1o de que concluya su gobierno, el presidente Andr\u00e9s Manuel L\u00f3pez Obrador asegur\u00f3 que se mantendr\u00e1 en el camino de la democracia. \u201cSeguiremos [&hellip;]<\/p>\n","protected":false},"author":1,"featured_media":5798,"comment_status":"open","ping_status":"open","sticky":false,"template":"","format":"standard","meta":{"footnotes":""},"categories":[1,24],"tags":[182,183],"class_list":{"0":"post-5797","1":"post","2":"type-post","3":"status-publish","4":"format-standard","5":"has-post-thumbnail","7":"category-destacadas","8":"category-informacion-general","9":"tag-amlo","10":"tag-amlo-se-mantiene-en-el-camino-de-la-democracia"},"_links":{"self":[{"href":"https:\/\/cronicadesoledad.com\/index.php\/wp-json\/wp\/v2\/posts\/5797","targetHints":{"allow":["GET"]}}],"collection":[{"href":"https:\/\/cronicadesoledad.com\/index.php\/wp-json\/wp\/v2\/posts"}],"about":[{"href":"https:\/\/cronicadesoledad.com\/index.php\/wp-json\/wp\/v2\/types\/post"}],"author":[{"embeddable":true,"href":"https:\/\/cronicadesoledad.com\/index.php\/wp-json\/wp\/v2\/users\/1"}],"replies":[{"embeddable":true,"href":"https:\/\/cronicadesoledad.com\/index.php\/wp-json\/wp\/v2\/comments?post=5797"}],"version-history":[{"count":1,"href":"https:\/\/cronicadesoledad.com\/index.php\/wp-json\/wp\/v2\/posts\/5797\/revisions"}],"predecessor-version":[{"id":5799,"href":"https:\/\/cronicadesoledad.com\/index.php\/wp-json\/wp\/v2\/posts\/5797\/revisions\/5799"}],"wp:featuredmedia":[{"embeddable":true,"href":"https:\/\/cronicadesoledad.com\/index.php\/wp-json\/wp\/v2\/media\/5798"}],"wp:attachment":[{"href":"https:\/\/cronicadesoledad.com\/index.php\/wp-json\/wp\/v2\/media?parent=5797"}],"wp:term":[{"taxonomy":"category","embeddable":true,"href":"https:\/\/cronicadesoledad.com\/index.php\/wp-json\/wp\/v2\/categories?post=5797"},{"taxonomy":"post_tag","embeddable":true,"href":"https:\/\/cronicadesoledad.com\/index.php\/wp-json\/wp\/v2\/tags?post=5797"}],"curies":[{"name":"wp","href":"https:\/\/api.w.org\/{rel}","templated":true}]}}