{"id":5895,"date":"2023-09-06T17:57:38","date_gmt":"2023-09-06T23:57:38","guid":{"rendered":"https:\/\/cronicadesoledad.com\/?p=5895"},"modified":"2023-09-06T17:57:39","modified_gmt":"2023-09-06T23:57:39","slug":"reubican-y-dan-mantenimiento-a-las-camaras-de-seguridad-de-soledad","status":"publish","type":"post","link":"https:\/\/cronicadesoledad.com\/index.php\/2023\/09\/06\/reubican-y-dan-mantenimiento-a-las-camaras-de-seguridad-de-soledad\/","title":{"rendered":"Reubican y dan mantenimiento a las c\u00e1maras de seguridad de Soledad"},"content":{"rendered":"\n<p>Con el fin de realizar vigilancia preventiva y asegurar la atenci\u00f3n inmediata de la ciudadan\u00eda ante cualquier situaci\u00f3n que pueda suponer un riesgo, la Direcci\u00f3n de Seguridad Publica de Soledad de Graciano S\u00e1nchez ha movido algunas c\u00e1maras, adem\u00e1s de realizar mantenimiento preventivo a otras c\u00e1maras.<\/p>\n\n\n\n<p>El titular de la instituci\u00f3n mencionada, H\u00e9ctor Marte del \u00c1ngel, dijo que los trabajos se realizaron para garantizar la seguridad y tranquilidad de los ciudadanos mediante la realizaci\u00f3n de tareas preventivas, que es una de las tareas de la Polic\u00eda Municipal.<\/p>\n\n\n\n<p>Las c\u00e1maras antes de reubicarlas, se investig\u00f3 para instalarlas donde m\u00e1s se necesitaba su presencia para garantizar que no se descuidara ninguna parte de la ciudad.<\/p>\n\n\n\n<p>&#8220;En el caso de las c\u00e1maras de vigilancia que tenemos en el municipio, algunas de ellas fueron reubicadas en zonas donde se requer\u00edan sin descuidar las zonas, a otras m\u00e1s les estamos dando mantenimiento para que contin\u00faen operando, fueron aparte de las instaladas por el C5i2, son importante porque podemos brindar mejor vigilancia en vialidades, se puede responder m\u00e1s r\u00e1pido ante un hecho en flagrancia que captemos y eso nos permite garantizar la seguridad de la ciudadan\u00eda&#8221;, mencion\u00f3 el titular.<\/p>\n\n\n\n<p>Respecto a la cantidad de c\u00e1maras que hay en el municipio, el funcionario dijo que por razones de seguridad no se puede informar p\u00fablicamente la cantidad de c\u00e1maras, ya que est\u00e1 en riesgo la seguridad p\u00fablica, pero asegur\u00f3 que hay c\u00e1maras suficientes para poder realizar labores de vigilancia, labor preventiva del municipio.<\/p>\n\n\n\n<p>Agregando que este trabajo se realiza de la mano con la Direcci\u00f3n de Tr\u00e1nsito y Polic\u00eda Vial, con la ayuda de estas c\u00e1maras tambi\u00e9n se pueden detectar infracciones de tr\u00e1nsito o cualquier accidente de tr\u00e1nsito para una r\u00e1pida atenci\u00f3n.<\/p>\n","protected":false},"excerpt":{"rendered":"<p>Con el fin de realizar vigilancia preventiva y asegurar la atenci\u00f3n inmediata de la ciudadan\u00eda ante cualquier situaci\u00f3n que pueda suponer un riesgo, la Direcci\u00f3n de Seguridad Publica de Soledad de Graciano S\u00e1nchez ha movido algunas c\u00e1maras, adem\u00e1s de realizar mantenimiento preventivo a otras c\u00e1maras. El titular de la instituci\u00f3n mencionada, H\u00e9ctor Marte del \u00c1ngel, [&hellip;]<\/p>\n","protected":false},"author":1,"featured_media":5896,"comment_status":"open","ping_status":"open","sticky":false,"template":"","format":"standard","meta":{"footnotes":""},"categories":[30,1,24,19,21],"tags":[234,235,236],"class_list":{"0":"post-5895","1":"post","2":"type-post","3":"status-publish","4":"format-standard","5":"has-post-thumbnail","7":"category-de-la-region-centro","8":"category-destacadas","9":"category-informacion-general","10":"category-seguridad","11":"category-tu-soledad","12":"tag-camaras-de-seguridad-en-soledad","13":"tag-mantenimiento-y-reubicacion-de-camaras-de-seguridad","14":"tag-seguridad-de-soledad"},"_links":{"self":[{"href":"https:\/\/cronicadesoledad.com\/index.php\/wp-json\/wp\/v2\/posts\/5895","targetHints":{"allow":["GET"]}}],"collection":[{"href":"https:\/\/cronicadesoledad.com\/index.php\/wp-json\/wp\/v2\/posts"}],"about":[{"href":"https:\/\/cronicadesoledad.com\/index.php\/wp-json\/wp\/v2\/types\/post"}],"author":[{"embeddable":true,"href":"https:\/\/cronicadesoledad.com\/index.php\/wp-json\/wp\/v2\/users\/1"}],"replies":[{"embeddable":true,"href":"https:\/\/cronicadesoledad.com\/index.php\/wp-json\/wp\/v2\/comments?post=5895"}],"version-history":[{"count":1,"href":"https:\/\/cronicadesoledad.com\/index.php\/wp-json\/wp\/v2\/posts\/5895\/revisions"}],"predecessor-version":[{"id":5897,"href":"https:\/\/cronicadesoledad.com\/index.php\/wp-json\/wp\/v2\/posts\/5895\/revisions\/5897"}],"wp:featuredmedia":[{"embeddable":true,"href":"https:\/\/cronicadesoledad.com\/index.php\/wp-json\/wp\/v2\/media\/5896"}],"wp:attachment":[{"href":"https:\/\/cronicadesoledad.com\/index.php\/wp-json\/wp\/v2\/media?parent=5895"}],"wp:term":[{"taxonomy":"category","embeddable":true,"href":"https:\/\/cronicadesoledad.com\/index.php\/wp-json\/wp\/v2\/categories?post=5895"},{"taxonomy":"post_tag","embeddable":true,"href":"https:\/\/cronicadesoledad.com\/index.php\/wp-json\/wp\/v2\/tags?post=5895"}],"curies":[{"name":"wp","href":"https:\/\/api.w.org\/{rel}","templated":true}]}}