{"id":5926,"date":"2023-09-07T19:07:36","date_gmt":"2023-09-08T01:07:36","guid":{"rendered":"https:\/\/cronicadesoledad.com\/?p=5926"},"modified":"2023-09-07T19:07:37","modified_gmt":"2023-09-08T01:07:37","slug":"inician-sheinbaum-y-mario-delgado-trabajos-rumbo-a-2024","status":"publish","type":"post","link":"https:\/\/cronicadesoledad.com\/index.php\/2023\/09\/07\/inician-sheinbaum-y-mario-delgado-trabajos-rumbo-a-2024\/","title":{"rendered":"Inician Sheinbaum y Mario Delgado trabajos rumbo a 2024"},"content":{"rendered":"\n<p>La Coordinadora Nacional de los Comit\u00e9s de la Defensa de la Transformaci\u00f3n, Claudia Sheinbaum, y el presidente Nacional de Morena, Mario Delgado, acordaron comenzar los trabajos rumbo al 2024, cuyo objetivo es llegar a 33 millones de votos con la elecci\u00f3n presidencial y federales.<\/p>\n\n\n\n<p>Por lo anterior se har\u00e1 de manera \u201cinmediata\u201d la instalaci\u00f3n de la mesa para la alianza con el Partido del Trabajo y Partido Verde Ecologista de M\u00e9xico, por lo que se revisar\u00e1 distrito por distrito en cada entidad federativa para asegurar la victoria en los 300 distritos y en cada una de las entidades federativas.<\/p>\n\n\n\n<p>Adem\u00e1s, la Coordinadora Nacional de la Defensa de la Transformaci\u00f3n va a iniciar una agenda \u201cagresiva\u201d para la formaci\u00f3n de comit\u00e9s en cada una de las secciones electorales.<\/p>\n\n\n\n<p>En conferencia de prensa conjunta, el dirigente nacional de Morena, Mario Delgado, detall\u00f3 que Alfonso Durazo, el presidente del Consejo Nacional, va a proponer a los consejeros la aprobaci\u00f3n de la alcald\u00eda con el Partido Verde y Partido del Trabajo.<\/p>\n\n\n\n<p>\u201cTambi\u00e9n se va a invitar a los Grupos Parlamentarios de la C\u00e1mara de Diputados y Senadores del Partido del Trabajo, Partido Verde, Morena a que nos reunamos este domingo en el Consejo Nacional\u201d.<\/p>\n\n\n\n<p>Adem\u00e1s, Delgado hizo un llamado a los simpatizantes y militantes que estuvieron apoyando a las diversas corcholatas para sumarse a la unidad, ya que lo que convoca es el proyecto de la transformaci\u00f3n y con la coordinadora Claudia Sheinbaum.<\/p>\n\n\n\n<p>\u201cUn llamado a todas las estructuras a que superemos cualquier diferencia. Si tuvimos alg\u00fan tipo de roce, si tuvimos alg\u00fan tipo de desencuentro, eso ya pas\u00f3. Estamos en un proyecto hist\u00f3rico, estamos en un proyecto en donde Andr\u00e9s Manuel L\u00f3pez Obrador nos ha ense\u00f1ado que no son los cargos, sino son los encargos y es el proyecto de transformaci\u00f3n\u201d, detall\u00f3.<\/p>\n\n\n\n<p><a href=\"https:\/\/sitio.sanluis.gob.mx\/SanLuisPotoSi\/\"><\/a><\/p>\n","protected":false},"excerpt":{"rendered":"<p>La Coordinadora Nacional de los Comit\u00e9s de la Defensa de la Transformaci\u00f3n, Claudia Sheinbaum, y el presidente Nacional de Morena, Mario Delgado, acordaron comenzar los trabajos rumbo al 2024, cuyo objetivo es llegar a 33 millones de votos con la elecci\u00f3n presidencial y federales. Por lo anterior se har\u00e1 de manera \u201cinmediata\u201d la instalaci\u00f3n de [&hellip;]<\/p>\n","protected":false},"author":1,"featured_media":5927,"comment_status":"open","ping_status":"open","sticky":false,"template":"","format":"standard","meta":{"footnotes":""},"categories":[1,24],"tags":[259,258,257],"class_list":{"0":"post-5926","1":"post","2":"type-post","3":"status-publish","4":"format-standard","5":"has-post-thumbnail","7":"category-destacadas","8":"category-informacion-general","9":"tag-elecciones-2024","10":"tag-mario-delgado","11":"tag-sheinbaum"},"_links":{"self":[{"href":"https:\/\/cronicadesoledad.com\/index.php\/wp-json\/wp\/v2\/posts\/5926","targetHints":{"allow":["GET"]}}],"collection":[{"href":"https:\/\/cronicadesoledad.com\/index.php\/wp-json\/wp\/v2\/posts"}],"about":[{"href":"https:\/\/cronicadesoledad.com\/index.php\/wp-json\/wp\/v2\/types\/post"}],"author":[{"embeddable":true,"href":"https:\/\/cronicadesoledad.com\/index.php\/wp-json\/wp\/v2\/users\/1"}],"replies":[{"embeddable":true,"href":"https:\/\/cronicadesoledad.com\/index.php\/wp-json\/wp\/v2\/comments?post=5926"}],"version-history":[{"count":1,"href":"https:\/\/cronicadesoledad.com\/index.php\/wp-json\/wp\/v2\/posts\/5926\/revisions"}],"predecessor-version":[{"id":5928,"href":"https:\/\/cronicadesoledad.com\/index.php\/wp-json\/wp\/v2\/posts\/5926\/revisions\/5928"}],"wp:featuredmedia":[{"embeddable":true,"href":"https:\/\/cronicadesoledad.com\/index.php\/wp-json\/wp\/v2\/media\/5927"}],"wp:attachment":[{"href":"https:\/\/cronicadesoledad.com\/index.php\/wp-json\/wp\/v2\/media?parent=5926"}],"wp:term":[{"taxonomy":"category","embeddable":true,"href":"https:\/\/cronicadesoledad.com\/index.php\/wp-json\/wp\/v2\/categories?post=5926"},{"taxonomy":"post_tag","embeddable":true,"href":"https:\/\/cronicadesoledad.com\/index.php\/wp-json\/wp\/v2\/tags?post=5926"}],"curies":[{"name":"wp","href":"https:\/\/api.w.org\/{rel}","templated":true}]}}