{"id":6176,"date":"2023-10-06T21:00:00","date_gmt":"2023-10-07T03:00:00","guid":{"rendered":"https:\/\/cronicadesoledad.com\/?p=6176"},"modified":"2023-10-06T19:21:59","modified_gmt":"2023-10-07T01:21:59","slug":"soledad-y-cedh-fortaleceran-colaboracion","status":"publish","type":"post","link":"https:\/\/cronicadesoledad.com\/index.php\/2023\/10\/06\/soledad-y-cedh-fortaleceran-colaboracion\/","title":{"rendered":"Soledad y CEDH fortalecer\u00e1n colaboraci\u00f3n"},"content":{"rendered":"\n<p>Previo a la firma formal de un convenio interinstitucional en la profesionalizaci\u00f3n en materia de derechos humanos, la Alcaldesa de Soledad de Graciano S\u00e1nchez, Leonor Noyola Cervantes y la presidenta de la Comisi\u00f3n Estatal de Derechos Humanos (CEDH), Giovanna Itzel Arg\u00fcelles Moreno, sostuvieron una reuni\u00f3n para coordinar las pr\u00f3ximas acciones a fortalecerse entre el personal municipal en la promoci\u00f3n de los derechos fundamentales de todas y todos.<\/p>\n\n\n\n<p>El convenio busca reforzar la cultura de respeto y garantizar que los servicios p\u00fablicos se brinden de manera equitativa y con est\u00e1ndares de calidad; adem\u00e1s, dicha colaboraci\u00f3n contribuir\u00e1 a la mejora de la calidad de vida de la comunidad y se fortalecer\u00e1 la relaci\u00f3n entre el gobierno municipal y este organismo de defensa y garant\u00eda del bienestar de las personas, expuso la edil soledense.<\/p>\n\n\n\n<p>Adelant\u00f3 que la firma oficial del convenio est\u00e1 programada para los pr\u00f3ximos d\u00edas, marcando un paso importante en el desarrollo e implementaci\u00f3n de estrategias para augurar la protecci\u00f3n de la dignidad y procuraci\u00f3n de justicia con base a la consolidaci\u00f3n de los derechos humanos.<\/p>\n\n\n\n<p>Por su parte, la presidenta Arg\u00fcelles elogi\u00f3 la voluntad del municipio para colaborar en la protecci\u00f3n y promoci\u00f3n en la materia y se mostr\u00f3 optimista sobre el impacto positivo que esta alianza tendr\u00e1 en la comunidad: \u201chay un gran avance en el municipio en materia de derechos humanos, definitivamente la Alcaldesa est\u00e1 imprimiendo su sello, su calidez humana est\u00e1 ocupada tambi\u00e9n en que su personal est\u00e9 capacitado, esto es una gran inversi\u00f3n en la prevenci\u00f3n\u201d.<\/p>\n\n\n\n<p>Durante la reuni\u00f3n se cont\u00f3 con la presencia del secretario Ejecutivo del organismo, Juan Manuel Fr\u00edas; el Tercer Visitador, Alejandro Garc\u00eda; la coordinadora Municipal de Derechos Humanos, Jazm\u00edn Oviedo.<\/p>\n","protected":false},"excerpt":{"rendered":"<p>Previo a la firma formal de un convenio interinstitucional en la profesionalizaci\u00f3n en materia de derechos humanos, la Alcaldesa de Soledad de Graciano S\u00e1nchez, Leonor Noyola Cervantes y la presidenta de la Comisi\u00f3n Estatal de Derechos Humanos (CEDH), Giovanna Itzel Arg\u00fcelles Moreno, sostuvieron una reuni\u00f3n para coordinar las pr\u00f3ximas acciones a fortalecerse entre el personal [&hellip;]<\/p>\n","protected":false},"author":2,"featured_media":6177,"comment_status":"open","ping_status":"open","sticky":false,"template":"","format":"standard","meta":{"footnotes":""},"categories":[30,1,24,21],"tags":[81,223,284,286,285,29,27],"class_list":{"0":"post-6176","1":"post","2":"type-post","3":"status-publish","4":"format-standard","5":"has-post-thumbnail","7":"category-de-la-region-centro","8":"category-destacadas","9":"category-informacion-general","10":"category-tu-soledad","11":"tag-alcaldesa-soledense","12":"tag-ayuntamiento-soledense","13":"tag-cedh","14":"tag-colaboracion","15":"tag-derechos-humanos","16":"tag-leonor-noyola","17":"tag-soledad"},"_links":{"self":[{"href":"https:\/\/cronicadesoledad.com\/index.php\/wp-json\/wp\/v2\/posts\/6176","targetHints":{"allow":["GET"]}}],"collection":[{"href":"https:\/\/cronicadesoledad.com\/index.php\/wp-json\/wp\/v2\/posts"}],"about":[{"href":"https:\/\/cronicadesoledad.com\/index.php\/wp-json\/wp\/v2\/types\/post"}],"author":[{"embeddable":true,"href":"https:\/\/cronicadesoledad.com\/index.php\/wp-json\/wp\/v2\/users\/2"}],"replies":[{"embeddable":true,"href":"https:\/\/cronicadesoledad.com\/index.php\/wp-json\/wp\/v2\/comments?post=6176"}],"version-history":[{"count":1,"href":"https:\/\/cronicadesoledad.com\/index.php\/wp-json\/wp\/v2\/posts\/6176\/revisions"}],"predecessor-version":[{"id":6178,"href":"https:\/\/cronicadesoledad.com\/index.php\/wp-json\/wp\/v2\/posts\/6176\/revisions\/6178"}],"wp:featuredmedia":[{"embeddable":true,"href":"https:\/\/cronicadesoledad.com\/index.php\/wp-json\/wp\/v2\/media\/6177"}],"wp:attachment":[{"href":"https:\/\/cronicadesoledad.com\/index.php\/wp-json\/wp\/v2\/media?parent=6176"}],"wp:term":[{"taxonomy":"category","embeddable":true,"href":"https:\/\/cronicadesoledad.com\/index.php\/wp-json\/wp\/v2\/categories?post=6176"},{"taxonomy":"post_tag","embeddable":true,"href":"https:\/\/cronicadesoledad.com\/index.php\/wp-json\/wp\/v2\/tags?post=6176"}],"curies":[{"name":"wp","href":"https:\/\/api.w.org\/{rel}","templated":true}]}}