{"id":6189,"date":"2023-10-09T10:16:22","date_gmt":"2023-10-09T16:16:22","guid":{"rendered":"https:\/\/cronicadesoledad.com\/?p=6189"},"modified":"2023-10-09T10:16:23","modified_gmt":"2023-10-09T16:16:23","slug":"alexa-moreno-cuarto-lugar-en-el-mundial-de-gimnasia-artistica","status":"publish","type":"post","link":"https:\/\/cronicadesoledad.com\/index.php\/2023\/10\/09\/alexa-moreno-cuarto-lugar-en-el-mundial-de-gimnasia-artistica\/","title":{"rendered":"Alexa Moreno, cuarto lugar en el Mundial de Gimnasia Art\u00edstica"},"content":{"rendered":"\n<p>La gimnasta mexicana Alexa Moreno una vez m\u00e1s mostr\u00f3 que se encuentra en un m\u00e1ximo nivel, pues ahora termin\u00f3 en el cuarto lugar en Campeonato Mundial de Gimnasia Art\u00edstica que se realiza en Amberes, B\u00e9lgica.<\/p>\n\n\n\n<p>Moreno particip\u00f3 en la final de salto de caballo donde s\u00f3lo 0.25 cent\u00e9simas la separaron de la medalla de bronce y del podio.<\/p>\n\n\n\n<p>El salto de caballo es la especialidad de Alexa y qued\u00f3 claro con su calificaci\u00f3n, que fue de 14.166 puntos.<\/p>\n\n\n\n<p>Este hist\u00f3rico cuarto lugar mundial de Alexa Moreno se suma a quedar en el lugar 18 en la Final All Around dentro del mismo campeonato.<\/p>\n\n\n\n<p>Moreno ya tiene garantizada su participaci\u00f3n en los Juegos Ol\u00edmpicos de Par\u00eds 2024, mismos que significan la tercera justa veraniega en la que participa.<\/p>\n","protected":false},"excerpt":{"rendered":"<p>La gimnasta mexicana Alexa Moreno una vez m\u00e1s mostr\u00f3 que se encuentra en un m\u00e1ximo nivel, pues ahora termin\u00f3 en el cuarto lugar en Campeonato Mundial de Gimnasia Art\u00edstica que se realiza en Amberes, B\u00e9lgica. Moreno particip\u00f3 en la final de salto de caballo donde s\u00f3lo 0.25 cent\u00e9simas la separaron de la medalla de bronce [&hellip;]<\/p>\n","protected":false},"author":6,"featured_media":6190,"comment_status":"open","ping_status":"open","sticky":false,"template":"","format":"standard","meta":{"footnotes":""},"categories":[1],"tags":[301,291,300,302,287],"class_list":{"0":"post-6189","1":"post","2":"type-post","3":"status-publish","4":"format-standard","5":"has-post-thumbnail","7":"category-destacadas","8":"tag-alexa-moreno","9":"tag-deportes","10":"tag-gimnasia","11":"tag-mundial-de-gimnasia-artistica","12":"tag-nacional"},"_links":{"self":[{"href":"https:\/\/cronicadesoledad.com\/index.php\/wp-json\/wp\/v2\/posts\/6189","targetHints":{"allow":["GET"]}}],"collection":[{"href":"https:\/\/cronicadesoledad.com\/index.php\/wp-json\/wp\/v2\/posts"}],"about":[{"href":"https:\/\/cronicadesoledad.com\/index.php\/wp-json\/wp\/v2\/types\/post"}],"author":[{"embeddable":true,"href":"https:\/\/cronicadesoledad.com\/index.php\/wp-json\/wp\/v2\/users\/6"}],"replies":[{"embeddable":true,"href":"https:\/\/cronicadesoledad.com\/index.php\/wp-json\/wp\/v2\/comments?post=6189"}],"version-history":[{"count":1,"href":"https:\/\/cronicadesoledad.com\/index.php\/wp-json\/wp\/v2\/posts\/6189\/revisions"}],"predecessor-version":[{"id":6191,"href":"https:\/\/cronicadesoledad.com\/index.php\/wp-json\/wp\/v2\/posts\/6189\/revisions\/6191"}],"wp:featuredmedia":[{"embeddable":true,"href":"https:\/\/cronicadesoledad.com\/index.php\/wp-json\/wp\/v2\/media\/6190"}],"wp:attachment":[{"href":"https:\/\/cronicadesoledad.com\/index.php\/wp-json\/wp\/v2\/media?parent=6189"}],"wp:term":[{"taxonomy":"category","embeddable":true,"href":"https:\/\/cronicadesoledad.com\/index.php\/wp-json\/wp\/v2\/categories?post=6189"},{"taxonomy":"post_tag","embeddable":true,"href":"https:\/\/cronicadesoledad.com\/index.php\/wp-json\/wp\/v2\/tags?post=6189"}],"curies":[{"name":"wp","href":"https:\/\/api.w.org\/{rel}","templated":true}]}}