{"id":6198,"date":"2023-10-09T13:22:04","date_gmt":"2023-10-09T19:22:04","guid":{"rendered":"https:\/\/cronicadesoledad.com\/?p=6198"},"modified":"2023-10-09T13:22:04","modified_gmt":"2023-10-09T19:22:04","slug":"licel-morales-la-atleta-potosina-que-destaca-en-chicago","status":"publish","type":"post","link":"https:\/\/cronicadesoledad.com\/index.php\/2023\/10\/09\/licel-morales-la-atleta-potosina-que-destaca-en-chicago\/","title":{"rendered":"Licel Morales, la atleta potosina que destaca en Chicago"},"content":{"rendered":"\n<p>Ha tenido una excelente participaci\u00f3n varios eventos deportivos internacionales.\u00a0<\/p>\n\n\n\n<p class=\"has-text-align-right\">V\u00eda C\u00f3digo San Luis <\/p>\n\n\n\n<p>Una gran participaci\u00f3n tuvieron los atletas matehualenses, Licel Morales Guill\u00e9n, Francisco Loera Lara y Leticia Lara Mendoza, en la 45 edici\u00f3n del Marat\u00f3n de Chicago, que se realiz\u00f3 este domingo 8 de octubre con una participaci\u00f3n de m\u00e1s de 42 mil atletas de todo el mundo.<\/p>\n\n\n\n<p>La mejor de las marcas de estos atletas la obtuvo Licel Morales con un tiempo de 3:34 hrs, Francisco Loera par\u00f3 el cron\u00f3metro en 3:39 hrs y finalmente Leticia Lara registr\u00f3 una marca de 5:06 hrs.<\/p>\n\n\n\n<figure class=\"wp-block-gallery has-nested-images columns-default is-cropped wp-block-gallery-1 is-layout-flex wp-block-gallery-is-layout-flex\">\n<figure class=\"wp-block-image size-large\"><img loading=\"lazy\" decoding=\"async\" width=\"768\" height=\"473\" data-id=\"6199\" src=\"https:\/\/cronicadesoledad.com\/wp-content\/uploads\/2023\/10\/francisco-lara-maraton-chicago.webp\" alt=\"\" class=\"wp-image-6199\" srcset=\"https:\/\/cronicadesoledad.com\/wp-content\/uploads\/2023\/10\/francisco-lara-maraton-chicago.webp 768w, https:\/\/cronicadesoledad.com\/wp-content\/uploads\/2023\/10\/francisco-lara-maraton-chicago-300x185.webp 300w, https:\/\/cronicadesoledad.com\/wp-content\/uploads\/2023\/10\/francisco-lara-maraton-chicago-696x429.webp 696w\" sizes=\"auto, (max-width: 768px) 100vw, 768px\" \/><\/figure>\n\n\n\n<figure class=\"wp-block-image size-large\"><img loading=\"lazy\" decoding=\"async\" width=\"960\" height=\"864\" data-id=\"6200\" src=\"https:\/\/cronicadesoledad.com\/wp-content\/uploads\/2023\/10\/leticia-lara-maraton-chicago.webp\" alt=\"\" class=\"wp-image-6200\" srcset=\"https:\/\/cronicadesoledad.com\/wp-content\/uploads\/2023\/10\/leticia-lara-maraton-chicago.webp 960w, https:\/\/cronicadesoledad.com\/wp-content\/uploads\/2023\/10\/leticia-lara-maraton-chicago-300x270.webp 300w, https:\/\/cronicadesoledad.com\/wp-content\/uploads\/2023\/10\/leticia-lara-maraton-chicago-768x691.webp 768w, https:\/\/cronicadesoledad.com\/wp-content\/uploads\/2023\/10\/leticia-lara-maraton-chicago-696x626.webp 696w\" sizes=\"auto, (max-width: 960px) 100vw, 960px\" \/><\/figure>\n<\/figure>\n\n\n\n<p>Estos importantes tiempos han sido fruto del trabajo que diariamente realizan los deportistas fij\u00e1ndose metas de gran nivel para enfrentarse a los mejores del mundo.<\/p>\n\n\n\n<p>Resalta el trabajo de Licel Morales que en el 2022 obtuvo su mejor marca en maratones al correr en Bost\u00f3n, EE.UU. y lograr un tiempo de 3:26 hrs. El nivel de Licel le ha permitido estar en las m\u00e1s demandantes competencias como fue tambi\u00e9n el Marat\u00f3n de New York, plaza en la que cruz\u00f3 la meta despu\u00e9s de 3:36 hrs.<\/p>\n\n\n\n<p>Estos tiempos tienen a Licel Morales como una de las m\u00e1s importantes representantes del estado potosino en retos de alta exigencia. En entrevista para El Tiempo del Altiplano, Licel coment\u00f3 que se siente contenta con su participaci\u00f3n, los objetivos se han cumplido, pero aclar\u00f3 que seguir\u00e1 con su disciplina deportiva para mantener el nivel.<\/p>\n","protected":false},"excerpt":{"rendered":"<p>Ha tenido una excelente participaci\u00f3n varios eventos deportivos internacionales.\u00a0 V\u00eda C\u00f3digo San Luis Una gran participaci\u00f3n tuvieron los atletas matehualenses, Licel Morales Guill\u00e9n, Francisco Loera Lara y Leticia Lara Mendoza, en la 45 edici\u00f3n del Marat\u00f3n de Chicago, que se realiz\u00f3 este domingo 8 de octubre con una participaci\u00f3n de m\u00e1s de 42 mil atletas [&hellip;]<\/p>\n","protected":false},"author":6,"featured_media":6201,"comment_status":"open","ping_status":"open","sticky":false,"template":"","format":"standard","meta":{"footnotes":""},"categories":[20,30,1],"tags":[314,316,315,313,294],"class_list":{"0":"post-6198","1":"post","2":"type-post","3":"status-publish","4":"format-standard","5":"has-post-thumbnail","7":"category-cronica-deportiva","8":"category-de-la-region-centro","9":"category-destacadas","10":"tag-chicago","11":"tag-corredores","12":"tag-maraton-de-chicago","13":"tag-matehuala","14":"tag-san-luis"},"_links":{"self":[{"href":"https:\/\/cronicadesoledad.com\/index.php\/wp-json\/wp\/v2\/posts\/6198","targetHints":{"allow":["GET"]}}],"collection":[{"href":"https:\/\/cronicadesoledad.com\/index.php\/wp-json\/wp\/v2\/posts"}],"about":[{"href":"https:\/\/cronicadesoledad.com\/index.php\/wp-json\/wp\/v2\/types\/post"}],"author":[{"embeddable":true,"href":"https:\/\/cronicadesoledad.com\/index.php\/wp-json\/wp\/v2\/users\/6"}],"replies":[{"embeddable":true,"href":"https:\/\/cronicadesoledad.com\/index.php\/wp-json\/wp\/v2\/comments?post=6198"}],"version-history":[{"count":1,"href":"https:\/\/cronicadesoledad.com\/index.php\/wp-json\/wp\/v2\/posts\/6198\/revisions"}],"predecessor-version":[{"id":6202,"href":"https:\/\/cronicadesoledad.com\/index.php\/wp-json\/wp\/v2\/posts\/6198\/revisions\/6202"}],"wp:featuredmedia":[{"embeddable":true,"href":"https:\/\/cronicadesoledad.com\/index.php\/wp-json\/wp\/v2\/media\/6201"}],"wp:attachment":[{"href":"https:\/\/cronicadesoledad.com\/index.php\/wp-json\/wp\/v2\/media?parent=6198"}],"wp:term":[{"taxonomy":"category","embeddable":true,"href":"https:\/\/cronicadesoledad.com\/index.php\/wp-json\/wp\/v2\/categories?post=6198"},{"taxonomy":"post_tag","embeddable":true,"href":"https:\/\/cronicadesoledad.com\/index.php\/wp-json\/wp\/v2\/tags?post=6198"}],"curies":[{"name":"wp","href":"https:\/\/api.w.org\/{rel}","templated":true}]}}