{"id":6253,"date":"2023-10-11T13:19:35","date_gmt":"2023-10-11T19:19:35","guid":{"rendered":"https:\/\/cronicadesoledad.com\/?p=6253"},"modified":"2023-10-11T13:19:36","modified_gmt":"2023-10-11T19:19:36","slug":"zona-industrial-afectada-por-lluvias","status":"publish","type":"post","link":"https:\/\/cronicadesoledad.com\/index.php\/2023\/10\/11\/zona-industrial-afectada-por-lluvias\/","title":{"rendered":"Zona Industrial afectada por lluvias"},"content":{"rendered":"\n<h2 class=\"wp-block-heading\">Se registraron accidentes derivados de la lluvia. <\/h2>\n\n\n\n<p>Las zanjas ocultadas por el agua causaron accidentes. <\/p>\n\n\n\n<p>Tras las intensas lluvias que se registraron desde la tarde del pasado martes hasta la ma\u00f1ana de este 11 de octubre, se ha registrado un colapso en la vialidad de la Zona Industrial, pues las precipitaciones provocaron inundaciones en los caminos principales que los trabajadores deben usar para llegar a sus trabajos, resultando en decenas de veh\u00edculos afectados por el agua.<\/p>\n\n\n\n<p>Fue a la altura del eje 134 que, producto de las tempestuosas precipitaciones, se form\u00f3 un profundo encharcamiento que imposibilit\u00f3 el paso de los veh\u00edculos, y muchos de los valientes que se atrevieron a cruzarlo, se vieron superados por el agua que superaba la capacidad de los veh\u00edculos, caus\u00e1ndoles da\u00f1os que los dejaron sin la posibilidad de avanzar.<\/p>\n\n\n\n<p>San Luis Potos\u00ed ha sufrido una intensa sequ\u00eda que dej\u00f3 a la ciudad a merced de una crisis h\u00eddrica bastante importante y que mantuvo a todos los potosinos clamando la lluvia, que hasta este mes de octubre se dign\u00f3 a llegar a estas tierras. Sin embargo, la cantidad de agua rebas\u00f3 lo que la infraestructura de la ciudad puede soportar en algunos de los puntos viales m\u00e1s importantes, ocasionando destrozos que colapsan todo el tr\u00e1fico vial.<\/p>\n\n\n\n<p><\/p>\n\n\n\n<p>Con informaci\u00f3n de C\u00f3digo San Luis. <\/p>\n","protected":false},"excerpt":{"rendered":"<p>Se registraron accidentes derivados de la lluvia. Las zanjas ocultadas por el agua causaron accidentes. Tras las intensas lluvias que se registraron desde la tarde del pasado martes hasta la ma\u00f1ana de este 11 de octubre, se ha registrado un colapso en la vialidad de la Zona Industrial, pues las precipitaciones provocaron inundaciones en los [&hellip;]<\/p>\n","protected":false},"author":6,"featured_media":6254,"comment_status":"open","ping_status":"open","sticky":false,"template":"","format":"standard","meta":{"footnotes":""},"categories":[30,1],"tags":[359,346,294,358],"class_list":{"0":"post-6253","1":"post","2":"type-post","3":"status-publish","4":"format-standard","5":"has-post-thumbnail","7":"category-de-la-region-centro","8":"category-destacadas","9":"tag-accidentes-por-lluvias","10":"tag-lluvias","11":"tag-san-luis","12":"tag-zona-industrial"},"_links":{"self":[{"href":"https:\/\/cronicadesoledad.com\/index.php\/wp-json\/wp\/v2\/posts\/6253","targetHints":{"allow":["GET"]}}],"collection":[{"href":"https:\/\/cronicadesoledad.com\/index.php\/wp-json\/wp\/v2\/posts"}],"about":[{"href":"https:\/\/cronicadesoledad.com\/index.php\/wp-json\/wp\/v2\/types\/post"}],"author":[{"embeddable":true,"href":"https:\/\/cronicadesoledad.com\/index.php\/wp-json\/wp\/v2\/users\/6"}],"replies":[{"embeddable":true,"href":"https:\/\/cronicadesoledad.com\/index.php\/wp-json\/wp\/v2\/comments?post=6253"}],"version-history":[{"count":1,"href":"https:\/\/cronicadesoledad.com\/index.php\/wp-json\/wp\/v2\/posts\/6253\/revisions"}],"predecessor-version":[{"id":6255,"href":"https:\/\/cronicadesoledad.com\/index.php\/wp-json\/wp\/v2\/posts\/6253\/revisions\/6255"}],"wp:featuredmedia":[{"embeddable":true,"href":"https:\/\/cronicadesoledad.com\/index.php\/wp-json\/wp\/v2\/media\/6254"}],"wp:attachment":[{"href":"https:\/\/cronicadesoledad.com\/index.php\/wp-json\/wp\/v2\/media?parent=6253"}],"wp:term":[{"taxonomy":"category","embeddable":true,"href":"https:\/\/cronicadesoledad.com\/index.php\/wp-json\/wp\/v2\/categories?post=6253"},{"taxonomy":"post_tag","embeddable":true,"href":"https:\/\/cronicadesoledad.com\/index.php\/wp-json\/wp\/v2\/tags?post=6253"}],"curies":[{"name":"wp","href":"https:\/\/api.w.org\/{rel}","templated":true}]}}