{"id":6260,"date":"2023-10-11T21:29:43","date_gmt":"2023-10-12T03:29:43","guid":{"rendered":"https:\/\/cronicadesoledad.com\/?p=6260"},"modified":"2023-10-11T21:29:44","modified_gmt":"2023-10-12T03:29:44","slug":"invitan-a-talleres-de-manualidades-por-dia-de-muertos","status":"publish","type":"post","link":"https:\/\/cronicadesoledad.com\/index.php\/2023\/10\/11\/invitan-a-talleres-de-manualidades-por-dia-de-muertos\/","title":{"rendered":"Invitan a talleres de manualidades por D\u00eda de Muertos"},"content":{"rendered":"\n<p>La Direcci\u00f3n de Participaci\u00f3n Ciudadana del Ayuntamiento de Soledad de Graciano S\u00e1nchez, invita a la poblaci\u00f3n en general a ser parte del taller de Elaboraci\u00f3n de Flor de Cempas\u00fachil como parte de las actividades representativas del D\u00eda de Muertos, el cual adem\u00e1s de ser un espacio para la creatividad es una oportunidad de autoempleo para las personas.<\/p>\n\n\n\n<p>Mar\u00eda de los \u00c1ngeles P\u00e9rez S\u00e1nchez, titular de la dependencia, recalc\u00f3 la importancia de preservar nuestras tradiciones y fomentar la participaci\u00f3n de la ciudadan\u00eda, lo cual ha sido la principal motivaci\u00f3n para la realizaci\u00f3n de estas actividades; explic\u00f3 que estos talleres son totalmente gratuitos y se llevan a cabo por indicaciones de la Alcaldesa Leonor Noyola Cervantes, mismos que han sido recibidos con profundo agradecimiento por parte de las y los ciudadanos.<\/p>\n\n\n\n<p>Exhort\u00f3 a todas y todos los interesados a acercarse a la Plaza Principal del municipio los d\u00edas lunes y viernes, en un horario de 10 de la ma\u00f1ana a 2 de la tarde, en donde tendr\u00e1n la gran oportunidad para aprender y disfrutar juntos de la creaci\u00f3n de estas caracter\u00edsticas flores, s\u00edmbolo de una de las mayores festividades como soledenses y mexicanos.<\/p>\n\n\n\n<p>Destac\u00f3 que estos talleres continuar\u00e1n hasta el d\u00eda lunes 30 de octubre, por lo que a\u00fan hay tiempo para aprovechar esta oportunidad de aprender y convivir; los materiales utilizados en los talleres son totalmente reciclados, promoviendo as\u00ed la conciencia ambiental y el uso responsable de los recursos, agreg\u00f3.<\/p>\n\n\n\n<p>Por \u00faltimo, reiter\u00f3 su gratitud ante la participaci\u00f3n de las y los ciudadanos en esta iniciativa, por ello se comprometi\u00f3 continuar efectuando m\u00e1s talleres y actividades en favor de las y los soledenses. Asimismo, exhort\u00f3 a los habitantes del municipio a ser part\u00edcipes de todas las actividades que realizar\u00e1 el Ayuntamiento de Soledad de Graciano S\u00e1nchez para la celebraci\u00f3n del D\u00eda de Muertos.<\/p>\n","protected":false},"excerpt":{"rendered":"<p>La Direcci\u00f3n de Participaci\u00f3n Ciudadana del Ayuntamiento de Soledad de Graciano S\u00e1nchez, invita a la poblaci\u00f3n en general a ser parte del taller de Elaboraci\u00f3n de Flor de Cempas\u00fachil como parte de las actividades representativas del D\u00eda de Muertos, el cual adem\u00e1s de ser un espacio para la creatividad es una oportunidad de autoempleo para [&hellip;]<\/p>\n","protected":false},"author":2,"featured_media":6261,"comment_status":"open","ping_status":"open","sticky":false,"template":"","format":"standard","meta":{"footnotes":""},"categories":[30,1,24,21],"tags":[81,223,328,29,27,366],"class_list":{"0":"post-6260","1":"post","2":"type-post","3":"status-publish","4":"format-standard","5":"has-post-thumbnail","7":"category-de-la-region-centro","8":"category-destacadas","9":"category-informacion-general","10":"category-tu-soledad","11":"tag-alcaldesa-soledense","12":"tag-ayuntamiento-soledense","13":"tag-dia-de-muertos-2","14":"tag-leonor-noyola","15":"tag-soledad","16":"tag-talleres"},"_links":{"self":[{"href":"https:\/\/cronicadesoledad.com\/index.php\/wp-json\/wp\/v2\/posts\/6260","targetHints":{"allow":["GET"]}}],"collection":[{"href":"https:\/\/cronicadesoledad.com\/index.php\/wp-json\/wp\/v2\/posts"}],"about":[{"href":"https:\/\/cronicadesoledad.com\/index.php\/wp-json\/wp\/v2\/types\/post"}],"author":[{"embeddable":true,"href":"https:\/\/cronicadesoledad.com\/index.php\/wp-json\/wp\/v2\/users\/2"}],"replies":[{"embeddable":true,"href":"https:\/\/cronicadesoledad.com\/index.php\/wp-json\/wp\/v2\/comments?post=6260"}],"version-history":[{"count":1,"href":"https:\/\/cronicadesoledad.com\/index.php\/wp-json\/wp\/v2\/posts\/6260\/revisions"}],"predecessor-version":[{"id":6262,"href":"https:\/\/cronicadesoledad.com\/index.php\/wp-json\/wp\/v2\/posts\/6260\/revisions\/6262"}],"wp:featuredmedia":[{"embeddable":true,"href":"https:\/\/cronicadesoledad.com\/index.php\/wp-json\/wp\/v2\/media\/6261"}],"wp:attachment":[{"href":"https:\/\/cronicadesoledad.com\/index.php\/wp-json\/wp\/v2\/media?parent=6260"}],"wp:term":[{"taxonomy":"category","embeddable":true,"href":"https:\/\/cronicadesoledad.com\/index.php\/wp-json\/wp\/v2\/categories?post=6260"},{"taxonomy":"post_tag","embeddable":true,"href":"https:\/\/cronicadesoledad.com\/index.php\/wp-json\/wp\/v2\/tags?post=6260"}],"curies":[{"name":"wp","href":"https:\/\/api.w.org\/{rel}","templated":true}]}}