{"id":6263,"date":"2023-10-11T21:32:04","date_gmt":"2023-10-12T03:32:04","guid":{"rendered":"https:\/\/cronicadesoledad.com\/?p=6263"},"modified":"2023-10-11T21:32:05","modified_gmt":"2023-10-12T03:32:05","slug":"asesinan-a-sujeto-en-calle-corregidora","status":"publish","type":"post","link":"https:\/\/cronicadesoledad.com\/index.php\/2023\/10\/11\/asesinan-a-sujeto-en-calle-corregidora\/","title":{"rendered":"Asesinan a sujeto en calle Corregidora"},"content":{"rendered":"\n<p>La Fiscal\u00eda General del Estado de San Luis Potos\u00ed (FGESLP) abri\u00f3 una carpeta de investigaci\u00f3n por el deceso de un hombre en la calle Corregidora del municipio de Soledad de Graciano S\u00e1nchez. El suceso tuvo lugar poco antes del mediod\u00eda de este mi\u00e9rcoles 11 de octubre de 2023.<\/p>\n\n\n\n<p>De acuerdo a la informaci\u00f3n disponible, varios individuos arribaron hasta un domicilio de la arteria mencionada y dispararon de manera directa contra un hombre que ya fue identificado. Poco despu\u00e9s la v\u00edctima falleci\u00f3 a causa de las lesiones<\/p>\n\n\n\n<p>La PDI sigue ya algunas l\u00edneas de investigaci\u00f3n, entre ellas una relacionada con la delincuencia organizada y la venta de droga.<\/p>\n\n\n\n<p>La Unidad de Homicidios de la Polic\u00eda de Investigaci\u00f3n comenz\u00f3 con las entrevistas y peritos de la Vicefiscal\u00eda Cient\u00edfica se abocaron a recabar los indicios y trasladar el cuerpo al Servicio M\u00e9dico Legal (SEMELE) para que se le realice la necropsia de ley.<\/p>\n\n\n\n<p>El agente del Ministerio P\u00fablico, PDI y Peritos reunir\u00e1n todo lo suficiente para integrarlo a la carpeta de investigaci\u00f3n y poder dar con las personas responsables de este acontecimiento.<\/p>\n","protected":false},"excerpt":{"rendered":"<p>La Fiscal\u00eda General del Estado de San Luis Potos\u00ed (FGESLP) abri\u00f3 una carpeta de investigaci\u00f3n por el deceso de un hombre en la calle Corregidora del municipio de Soledad de Graciano S\u00e1nchez. El suceso tuvo lugar poco antes del mediod\u00eda de este mi\u00e9rcoles 11 de octubre de 2023. De acuerdo a la informaci\u00f3n disponible, varios [&hellip;]<\/p>\n","protected":false},"author":2,"featured_media":850,"comment_status":"open","ping_status":"open","sticky":false,"template":"","format":"standard","meta":{"footnotes":""},"categories":[30,1,24,19,21],"tags":[369,368,367,294,27],"class_list":{"0":"post-6263","1":"post","2":"type-post","3":"status-publish","4":"format-standard","5":"has-post-thumbnail","7":"category-de-la-region-centro","8":"category-destacadas","9":"category-informacion-general","10":"category-seguridad","11":"category-tu-soledad","12":"tag-asesinato","13":"tag-inseguridad","14":"tag-policia","15":"tag-san-luis","16":"tag-soledad"},"_links":{"self":[{"href":"https:\/\/cronicadesoledad.com\/index.php\/wp-json\/wp\/v2\/posts\/6263","targetHints":{"allow":["GET"]}}],"collection":[{"href":"https:\/\/cronicadesoledad.com\/index.php\/wp-json\/wp\/v2\/posts"}],"about":[{"href":"https:\/\/cronicadesoledad.com\/index.php\/wp-json\/wp\/v2\/types\/post"}],"author":[{"embeddable":true,"href":"https:\/\/cronicadesoledad.com\/index.php\/wp-json\/wp\/v2\/users\/2"}],"replies":[{"embeddable":true,"href":"https:\/\/cronicadesoledad.com\/index.php\/wp-json\/wp\/v2\/comments?post=6263"}],"version-history":[{"count":1,"href":"https:\/\/cronicadesoledad.com\/index.php\/wp-json\/wp\/v2\/posts\/6263\/revisions"}],"predecessor-version":[{"id":6264,"href":"https:\/\/cronicadesoledad.com\/index.php\/wp-json\/wp\/v2\/posts\/6263\/revisions\/6264"}],"wp:featuredmedia":[{"embeddable":true,"href":"https:\/\/cronicadesoledad.com\/index.php\/wp-json\/wp\/v2\/media\/850"}],"wp:attachment":[{"href":"https:\/\/cronicadesoledad.com\/index.php\/wp-json\/wp\/v2\/media?parent=6263"}],"wp:term":[{"taxonomy":"category","embeddable":true,"href":"https:\/\/cronicadesoledad.com\/index.php\/wp-json\/wp\/v2\/categories?post=6263"},{"taxonomy":"post_tag","embeddable":true,"href":"https:\/\/cronicadesoledad.com\/index.php\/wp-json\/wp\/v2\/tags?post=6263"}],"curies":[{"name":"wp","href":"https:\/\/api.w.org\/{rel}","templated":true}]}}