{"id":6265,"date":"2023-10-11T22:00:00","date_gmt":"2023-10-12T04:00:00","guid":{"rendered":"https:\/\/cronicadesoledad.com\/?p=6265"},"modified":"2023-10-11T21:34:48","modified_gmt":"2023-10-12T03:34:48","slug":"arranca-noyola-segunda-jornada-de-semana-verde-en-tu-colonia","status":"publish","type":"post","link":"https:\/\/cronicadesoledad.com\/index.php\/2023\/10\/11\/arranca-noyola-segunda-jornada-de-semana-verde-en-tu-colonia\/","title":{"rendered":"Arranca Noyola segunda jornada de \u201cSemana Verde en tu Colonia\u201d"},"content":{"rendered":"\n<p>Con la finalidad de promover una cultura de cuidado al medio ambiente, proteger y mejorar \u00e1reas comunes y satisfacer las demandas en los servicios p\u00fablicos, este mi\u00e9rcoles, la Alcaldesa, Leonor Noyola Cervantes llev\u00f3 a cabo la segunda edici\u00f3n del programa \u201cSemana Verde en tu Colonia\u201d en compa\u00f1\u00eda de habitantes del fraccionamiento Azaleas, en compa\u00f1\u00eda de una cuadrilla operativa.<\/p>\n\n\n\n<p>Durante el arranque de este trabajo, se llevar\u00e1n a cabo diversas labores de mejora que incluyen barrido, limpieza, pintura de guarniciones, reparaci\u00f3n de luminarias, poda de arbustos y \u00e1rboles, reforestaci\u00f3n, bacheo, entre otras; en estas actividades participan m\u00e1s de 70 trabajadores municipales de diferentes \u00e1reas: Imagen Urbana, Alumbrado, Aseo P\u00fablico, Seguridad P\u00fablica, Comercio, Respuesta Ciudadana, Desarrollo Urbano, Ecolog\u00eda, entre otras, dijo la edil a las y los presentes.<\/p>\n\n\n\n<p>La iniciativa incluye operativos permanentes para evitar el abandono de desechos en la v\u00eda p\u00fablica, con la finalidad de cuidar el medio ambiente, y derivado del programa tambi\u00e9n vigente \u201cSoledad Limpio\u201d, por lo que se dio a conocer que se aplicar\u00e1 el Bando de Polic\u00eda y Buen Gobierno a cualquier ciudadano que sea sorprendido abandonando desechos en calles y avenidas del sector.<\/p>\n\n\n\n<p>La Alcaldesa Noyola Cervantes expres\u00f3 su agradecimiento a la comunidad por su participaci\u00f3n activa en este proyecto, destacando la importancia de la colaboraci\u00f3n entre la administraci\u00f3n municipal y la ciudadan\u00eda para mejorar la calidad de vida; se espera que el programa sea un ejemplo a seguir en la mejora de servicios p\u00fablicos y el embellecimiento de otras \u00e1reas de la ciudad. Tras dar el banderazo de arranque, la jefa de gobierno municipal realiz\u00f3 un recorrido por la Avenida Jes\u00fas Yuren y atendi\u00f3 a las y los ciudadanos que la acompa\u00f1aron en estas acciones. En el inicio de este proyecto se cont\u00f3 con la presencia del secretario General del Ayuntamiento, Ernesto de Jes\u00fas Barajas \u00c1brego; la Contralora Municipal, Mariana S\u00e1nchez Mart\u00ednez; Alejandro Serrano Cortes, Oficial Mayor; el Director de Fuerzas Municipales, Jorge Ram\u00edrez Leyva; adem\u00e1s de directores de \u00e1rea, subdirectores y ciudadan\u00eda en general.<\/p>\n","protected":false},"excerpt":{"rendered":"<p>Con la finalidad de promover una cultura de cuidado al medio ambiente, proteger y mejorar \u00e1reas comunes y satisfacer las demandas en los servicios p\u00fablicos, este mi\u00e9rcoles, la Alcaldesa, Leonor Noyola Cervantes llev\u00f3 a cabo la segunda edici\u00f3n del programa \u201cSemana Verde en tu Colonia\u201d en compa\u00f1\u00eda de habitantes del fraccionamiento Azaleas, en compa\u00f1\u00eda de [&hellip;]<\/p>\n","protected":false},"author":2,"featured_media":6266,"comment_status":"open","ping_status":"open","sticky":false,"template":"","format":"standard","meta":{"footnotes":""},"categories":[30,1,24,21],"tags":[81,223,29,105,27],"class_list":{"0":"post-6265","1":"post","2":"type-post","3":"status-publish","4":"format-standard","5":"has-post-thumbnail","7":"category-de-la-region-centro","8":"category-destacadas","9":"category-informacion-general","10":"category-tu-soledad","11":"tag-alcaldesa-soledense","12":"tag-ayuntamiento-soledense","13":"tag-leonor-noyola","14":"tag-semana-verde-en-tu-colonia","15":"tag-soledad"},"_links":{"self":[{"href":"https:\/\/cronicadesoledad.com\/index.php\/wp-json\/wp\/v2\/posts\/6265","targetHints":{"allow":["GET"]}}],"collection":[{"href":"https:\/\/cronicadesoledad.com\/index.php\/wp-json\/wp\/v2\/posts"}],"about":[{"href":"https:\/\/cronicadesoledad.com\/index.php\/wp-json\/wp\/v2\/types\/post"}],"author":[{"embeddable":true,"href":"https:\/\/cronicadesoledad.com\/index.php\/wp-json\/wp\/v2\/users\/2"}],"replies":[{"embeddable":true,"href":"https:\/\/cronicadesoledad.com\/index.php\/wp-json\/wp\/v2\/comments?post=6265"}],"version-history":[{"count":1,"href":"https:\/\/cronicadesoledad.com\/index.php\/wp-json\/wp\/v2\/posts\/6265\/revisions"}],"predecessor-version":[{"id":6267,"href":"https:\/\/cronicadesoledad.com\/index.php\/wp-json\/wp\/v2\/posts\/6265\/revisions\/6267"}],"wp:featuredmedia":[{"embeddable":true,"href":"https:\/\/cronicadesoledad.com\/index.php\/wp-json\/wp\/v2\/media\/6266"}],"wp:attachment":[{"href":"https:\/\/cronicadesoledad.com\/index.php\/wp-json\/wp\/v2\/media?parent=6265"}],"wp:term":[{"taxonomy":"category","embeddable":true,"href":"https:\/\/cronicadesoledad.com\/index.php\/wp-json\/wp\/v2\/categories?post=6265"},{"taxonomy":"post_tag","embeddable":true,"href":"https:\/\/cronicadesoledad.com\/index.php\/wp-json\/wp\/v2\/tags?post=6265"}],"curies":[{"name":"wp","href":"https:\/\/api.w.org\/{rel}","templated":true}]}}