{"id":6268,"date":"2023-10-11T22:30:00","date_gmt":"2023-10-12T04:30:00","guid":{"rendered":"https:\/\/cronicadesoledad.com\/?p=6268"},"modified":"2023-10-11T21:42:25","modified_gmt":"2023-10-12T03:42:25","slug":"soledad-sede-de-reunion-regional-de-turismo","status":"publish","type":"post","link":"https:\/\/cronicadesoledad.com\/index.php\/2023\/10\/11\/soledad-sede-de-reunion-regional-de-turismo\/","title":{"rendered":"Soledad, sede de Reuni\u00f3n Regional de Turismo"},"content":{"rendered":"\n<p>Como una alternativa m\u00e1s que se suma al despegue tur\u00edstico de Soledad de Graciano S\u00e1nchez, en coordinaci\u00f3n con la Secretar\u00eda de Turismo, se llevar\u00e1 a cabo la Reuni\u00f3n Regional de Directores de Turismo 2023, evento que reunir\u00e1 a 26 funcionarios municipales en materia de turismo de la regi\u00f3n Centro y Altiplano en el Estado; esta importante asamblea plantea un intercambio de ideas y propuestas para fortalecer la infraestructura y promoci\u00f3n tur\u00edstica de los municipios participantes.<\/p>\n\n\n\n<p>Lo anterior, lo inform\u00f3 Ocari Carre\u00f3n Hern\u00e1ndez, directora de Turismo en Soledad, quien confirm\u00f3 que dicho evento tendr\u00e1 lugar el pr\u00f3ximo 13 de octubre en el Teatro y Centro Cultural \u201cDoroteo Arango\u201d, y se logra derivado del invaluable apoyo del Gobierno del Estado: \u201cesta reuni\u00f3n representa un gran logro para la administraci\u00f3n y es el resultado del excelente trabajo que ha realizado la Alcaldesa, permitiendo un intercambio de conocimientos que fortalecer\u00e1 la colaboraci\u00f3n regional y fomentar\u00e1 el crecimiento sostenible del turismo\u00bb.<\/p>\n\n\n\n<p>Agreg\u00f3 que el encuentro permitir\u00e1 crear el Plan General de Turismo 2024 y enriquecer\u00e1 la informaci\u00f3n sobre nuevos proyectos tur\u00edsticos, rutas y parajes existentes en la regi\u00f3n; adem\u00e1s, permitir\u00e1 trabajar en la incorporaci\u00f3n de eventos y celebraciones anuales al calendario de las localidades que participar\u00e1n en este encuentro, &#8220;trabajando juntos, podemos aprovechar la riqueza cultural y natural de nuestra zona para atraer a visitantes y mejorar la econom\u00eda local&#8221;.<\/p>\n\n\n\n<p>La funcionaria reconoci\u00f3 que el trabajo incansable realizado entre la Alcaldesa Leonor Noyola y el Gobernador del Estado, Ricardo Gallardo ha logrado importantes obras y acciones que no s\u00f3lo han mejorado la calidad de vida de las y los residentes de Soledad, sino que tambi\u00e9n han posicionado al municipio a nivel local y nacional.<\/p>\n\n\n\n<p>Este evento promete ser un paso importante en el impulso del turismo en la regi\u00f3n y en la promoci\u00f3n de la riqueza cultural y tur\u00edstica de Soledad de Graciano S\u00e1nchez y sus alrededores: \u201cla belleza de su patrimonio cultural y la hospitalidad de su gente hacen de Soledad un lugar perfecto para este tipo de eventos en el objetivo de potenciar el turismo en la regi\u00f3n y resaltar las ra\u00edces y tradiciones\u201d<\/p>\n","protected":false},"excerpt":{"rendered":"<p>Como una alternativa m\u00e1s que se suma al despegue tur\u00edstico de Soledad de Graciano S\u00e1nchez, en coordinaci\u00f3n con la Secretar\u00eda de Turismo, se llevar\u00e1 a cabo la Reuni\u00f3n Regional de Directores de Turismo 2023, evento que reunir\u00e1 a 26 funcionarios municipales en materia de turismo de la regi\u00f3n Centro y Altiplano en el Estado; esta [&hellip;]<\/p>\n","protected":false},"author":2,"featured_media":6269,"comment_status":"open","ping_status":"open","sticky":false,"template":"","format":"standard","meta":{"footnotes":""},"categories":[30,1,24,21],"tags":[223,371,294,27,370],"class_list":{"0":"post-6268","1":"post","2":"type-post","3":"status-publish","4":"format-standard","5":"has-post-thumbnail","7":"category-de-la-region-centro","8":"category-destacadas","9":"category-informacion-general","10":"category-tu-soledad","11":"tag-ayuntamiento-soledense","12":"tag-reunion-regional-de-turismo","13":"tag-san-luis","14":"tag-soledad","15":"tag-turismo"},"_links":{"self":[{"href":"https:\/\/cronicadesoledad.com\/index.php\/wp-json\/wp\/v2\/posts\/6268","targetHints":{"allow":["GET"]}}],"collection":[{"href":"https:\/\/cronicadesoledad.com\/index.php\/wp-json\/wp\/v2\/posts"}],"about":[{"href":"https:\/\/cronicadesoledad.com\/index.php\/wp-json\/wp\/v2\/types\/post"}],"author":[{"embeddable":true,"href":"https:\/\/cronicadesoledad.com\/index.php\/wp-json\/wp\/v2\/users\/2"}],"replies":[{"embeddable":true,"href":"https:\/\/cronicadesoledad.com\/index.php\/wp-json\/wp\/v2\/comments?post=6268"}],"version-history":[{"count":1,"href":"https:\/\/cronicadesoledad.com\/index.php\/wp-json\/wp\/v2\/posts\/6268\/revisions"}],"predecessor-version":[{"id":6270,"href":"https:\/\/cronicadesoledad.com\/index.php\/wp-json\/wp\/v2\/posts\/6268\/revisions\/6270"}],"wp:featuredmedia":[{"embeddable":true,"href":"https:\/\/cronicadesoledad.com\/index.php\/wp-json\/wp\/v2\/media\/6269"}],"wp:attachment":[{"href":"https:\/\/cronicadesoledad.com\/index.php\/wp-json\/wp\/v2\/media?parent=6268"}],"wp:term":[{"taxonomy":"category","embeddable":true,"href":"https:\/\/cronicadesoledad.com\/index.php\/wp-json\/wp\/v2\/categories?post=6268"},{"taxonomy":"post_tag","embeddable":true,"href":"https:\/\/cronicadesoledad.com\/index.php\/wp-json\/wp\/v2\/tags?post=6268"}],"curies":[{"name":"wp","href":"https:\/\/api.w.org\/{rel}","templated":true}]}}