{"id":6283,"date":"2023-10-12T23:06:58","date_gmt":"2023-10-13T05:06:58","guid":{"rendered":"https:\/\/cronicadesoledad.com\/?p=6283"},"modified":"2023-10-12T23:07:00","modified_gmt":"2023-10-13T05:07:00","slug":"soledenses-resaltan-trabajo-en-rehabilitacion-de-valentin-amador","status":"publish","type":"post","link":"https:\/\/cronicadesoledad.com\/index.php\/2023\/10\/12\/soledenses-resaltan-trabajo-en-rehabilitacion-de-valentin-amador\/","title":{"rendered":"Soledenses resaltan trabajo en rehabilitaci\u00f3n de Valent\u00edn Amador"},"content":{"rendered":"\n<p>Con una inversi\u00f3n de 41.3 millones de pesos, la Alcaldesa de Soledad de Graciano S\u00e1nchez, Leonor Noyola Cervantes y el Gobernador del Estado, Ricardo Gallardo Cardona, inauguraron los trabajos de la \u00faltima etapa de rehabilitaci\u00f3n integral de la avenida principal Valent\u00edn Amador; un ambicioso proyecto que abarc\u00f3 una longitud de mil 323 metros y que beneficiar\u00e1 a casi 200 mil personas de forma directa e indirecta.<\/p>\n\n\n\n<p>Decenas de habitantes atestiguaron esta transformaci\u00f3n en la Avenida Valent\u00edn Amador de primer nivel, que mejora y brinda \u00f3ptimas condiciones de circulaci\u00f3n tanto para veh\u00edculos como para peatones; el entorno tambi\u00e9n se benefici\u00f3 con banquetas renovadas, accesos vehiculares, pasos peatonales y una iluminaci\u00f3n de vanguardia, que convierte a esta v\u00eda como una de las m\u00e1s modernas y completas de Soledad.<\/p>\n\n\n\n<p>Durante su intervenci\u00f3n, Leonor Noyola celebr\u00f3 la ejecuci\u00f3n de esta obra tras afirmar que \u00e9ste es un gran ejemplo de las rehabilitaciones integrales que se logran con apoyo del Gobierno Estatal, demostrando lo grande que crece y se desarrolla Soledad: \u201csin la presencia, voluntad y cari\u00f1o del Gobernador, Ricardo Gallardo, por este municipio no estar\u00edamos avanzando tan r\u00e1pido\u201d.<\/p>\n\n\n\n<p>Reafirm\u00f3 que Soledad ya despeg\u00f3 y que hay en puerta muchos m\u00e1s proyectos importantes: \u201cporque nos merecemos calles dignas, calles iluminadas, seguras, con se\u00f1al\u00e9tica como esta donde nos encontramos hoy, que tiene un gran entorno que las familias podr\u00e1n disfrutar, para que todos se sientan orgullosos de este gran municipio\u201d.<\/p>\n\n\n\n<p>Por su parte, Ricardo Gallardo Cardona se\u00f1al\u00f3 que la pavimentaci\u00f3n de calles en Soledad continuar\u00e1 y que no quedar\u00e1 una sola arteria sin pavimento. Anunci\u00f3 tambi\u00e9n que en pr\u00f3ximos d\u00edas el Hospital General de Soledad se transformar\u00e1 en una unidad IMSS-Bienestar que permitir\u00e1 fortalecer la salud de las y los soledenses con o sin afiliaci\u00f3n m\u00e9dica.<\/p>\n\n\n\n<p>Habitantes del municipio celebraron y agradecieron la obra realizada en la Avenida Valent\u00edn Amador: Javier \u00c1vila agradeci\u00f3 las gestiones realizadas por la Alcaldesa Leonor Noyola ante el Gobierno del Estado, que permiti\u00f3 la ejecuci\u00f3n de obras de calidad y alta durabilidad que facilitar\u00e1 la movilidad de la poblaci\u00f3n, &#8221; es una gran mujer y ella hace que Soledad brille entre todos los municipios de San Luis Potos\u00ed&#8221;.<\/p>\n\n\n\n<p>Por su parte, Liliana Cervantes manifest\u00f3 que las obras realizadas sobre la avenida representan una mejora significativa en favor de las y los habitantes del municipio, adem\u00e1s refleja el avance del municipio en materia de infraestructura, &#8220;hemos visto una gran mejora en las calles, hay un gran cambio desde aqu\u00ed hasta la San Pedro, ha habido mucha mejora en esta zona&#8221;.<\/p>\n\n\n\n<p>La renovaci\u00f3n de esta arteria incluy\u00f3 un dise\u00f1o que integr\u00f3 un carril de circulaci\u00f3n para el arroyo vehicular, junto con espacio de acotamiento destinado al estacionamiento, en ambos sentidos de circulaci\u00f3n. Asimismo, abarcaron desde pavimentaci\u00f3n hasta infraestructura b\u00e1sica; la instalaci\u00f3n de una red de agua potable, un colector pluvial, una red de drenaje sanitario, alumbrado p\u00fablico, banquetas y guarniciones, sin dejar de lado la modernizaci\u00f3n del alumbrado p\u00fablico.<\/p>\n\n\n\n<p>Se cont\u00f3 con la presencia de la Presidenta del Sistema Municipal Para el Desarrollo Integral de la Familia (DIF), Mar\u00eda del Pilar Cardona Reyna; la directora de Infraestructura, Nataly del Carmen Alfaro Escalante; las y los titulares de la Secretar\u00eda T\u00e9cnica del Gabinete Estatal, Secretar\u00eda de Desarrollo Urbano Vivienda y Obras P\u00fablicas; Juan Manuel Navarro Mu\u00f1iz, diputado federal; Guillermo Monsiv\u00e1is Salazar, director del Hospital General de Soledad de Graciano S\u00e1nchez.<\/p>\n","protected":false},"excerpt":{"rendered":"<p>Con una inversi\u00f3n de 41.3 millones de pesos, la Alcaldesa de Soledad de Graciano S\u00e1nchez, Leonor Noyola Cervantes y el Gobernador del Estado, Ricardo Gallardo Cardona, inauguraron los trabajos de la \u00faltima etapa de rehabilitaci\u00f3n integral de la avenida principal Valent\u00edn Amador; un ambicioso proyecto que abarc\u00f3 una longitud de mil 323 metros y que [&hellip;]<\/p>\n","protected":false},"author":2,"featured_media":6284,"comment_status":"open","ping_status":"open","sticky":false,"template":"","format":"standard","meta":{"footnotes":""},"categories":[30,1,24,21],"tags":[81,372,223,29,279,177,294,27],"class_list":{"0":"post-6283","1":"post","2":"type-post","3":"status-publish","4":"format-standard","5":"has-post-thumbnail","7":"category-de-la-region-centro","8":"category-destacadas","9":"category-informacion-general","10":"category-tu-soledad","11":"tag-alcaldesa-soledense","12":"tag-avenida-valentin-amador","13":"tag-ayuntamiento-soledense","14":"tag-leonor-noyola","15":"tag-obras","16":"tag-ricardo-gallardo","17":"tag-san-luis","18":"tag-soledad"},"_links":{"self":[{"href":"https:\/\/cronicadesoledad.com\/index.php\/wp-json\/wp\/v2\/posts\/6283","targetHints":{"allow":["GET"]}}],"collection":[{"href":"https:\/\/cronicadesoledad.com\/index.php\/wp-json\/wp\/v2\/posts"}],"about":[{"href":"https:\/\/cronicadesoledad.com\/index.php\/wp-json\/wp\/v2\/types\/post"}],"author":[{"embeddable":true,"href":"https:\/\/cronicadesoledad.com\/index.php\/wp-json\/wp\/v2\/users\/2"}],"replies":[{"embeddable":true,"href":"https:\/\/cronicadesoledad.com\/index.php\/wp-json\/wp\/v2\/comments?post=6283"}],"version-history":[{"count":1,"href":"https:\/\/cronicadesoledad.com\/index.php\/wp-json\/wp\/v2\/posts\/6283\/revisions"}],"predecessor-version":[{"id":6285,"href":"https:\/\/cronicadesoledad.com\/index.php\/wp-json\/wp\/v2\/posts\/6283\/revisions\/6285"}],"wp:featuredmedia":[{"embeddable":true,"href":"https:\/\/cronicadesoledad.com\/index.php\/wp-json\/wp\/v2\/media\/6284"}],"wp:attachment":[{"href":"https:\/\/cronicadesoledad.com\/index.php\/wp-json\/wp\/v2\/media?parent=6283"}],"wp:term":[{"taxonomy":"category","embeddable":true,"href":"https:\/\/cronicadesoledad.com\/index.php\/wp-json\/wp\/v2\/categories?post=6283"},{"taxonomy":"post_tag","embeddable":true,"href":"https:\/\/cronicadesoledad.com\/index.php\/wp-json\/wp\/v2\/tags?post=6283"}],"curies":[{"name":"wp","href":"https:\/\/api.w.org\/{rel}","templated":true}]}}