{"id":6292,"date":"2023-10-13T19:30:00","date_gmt":"2023-10-14T01:30:00","guid":{"rendered":"https:\/\/cronicadesoledad.com\/?p=6292"},"modified":"2023-10-13T18:57:57","modified_gmt":"2023-10-14T00:57:57","slug":"arranca-modernizacion-de-unidad-habitacional-san-jorge","status":"publish","type":"post","link":"https:\/\/cronicadesoledad.com\/index.php\/2023\/10\/13\/arranca-modernizacion-de-unidad-habitacional-san-jorge\/","title":{"rendered":"Arranca modernizaci\u00f3n de Unidad Habitacional San Jorge"},"content":{"rendered":"\n<p>Con brocha en mano y en un ambiente alegre y emocionante, la Alcaldesa de Soledad de Graciano S\u00e1nchez, Leonor Noyola Cervantes, en su compromiso de transformar el municipio y los espacios de convivencia, arranc\u00f3 el proyecto de modernizaci\u00f3n y rehabilitaci\u00f3n de la Unidad Habitacional San Jorge, en el cual se invertir\u00e1n m\u00e1s de cuatro millones 300 mil pesos, provenientes del Fondo de Fortalecimiento Municipal.<\/p>\n\n\n\n<p>Las que arrancaron este viernes incluir\u00e1n la mejora y reparaci\u00f3n de superficies en muros deteriorados, la aplicaci\u00f3n de selladores y pintura de alta calidad para garantizar la durabilidad de estos trabajos; adem\u00e1s, se llevar\u00e1 a cabo la rehabilitaci\u00f3n de los sistemas hidr\u00e1ulicos en las azoteas, con el objetivo de prevenir filtraciones en las viviendas.<\/p>\n\n\n\n<p>Durante su intervenci\u00f3n, la Alcaldesa de Soledad de Graciano S\u00e1nchez, Leonor Noyola agradeci\u00f3 el buen recibimiento por parte de las y los residentes de la zona y se dijo contenta de iniciar los trabajos de mejora en los edificios que con el paso del tiempo se han deteriorado. &#8220;Estamos en la era del cambio y de la modernidad, en donde Soledad ya despeg\u00f3, gracias al apoyo del Gobernador del Estado, Ricardo Gallardo Cardona, que no deja al municipio de lado y siempre nos acompa\u00f1a, San Jorge quedar\u00e1 transformado y como nuevo&#8221;.<\/p>\n\n\n\n<p>En respuesta al fuerte compromiso con el deporte, anunci\u00f3 que se renovar\u00e1 la cancha de usos m\u00faltiples y el \u00e1rea de juegos infantiles, tambi\u00e9n se realizar\u00e1n mejoras en banquetas y \u00e1reas verdes, lo que dar\u00e1 un nuevo aspecto a la Unidad Habitacional San Jorge y beneficiar\u00e1 a sus habitantes.<\/p>\n\n\n\n<p>Daniel Vel\u00e1zquez, beneficiario de la obra, agradeci\u00f3 el apoyo de la autoridad municipal que cambiar\u00e1 la imagen del fraccionamiento y dar\u00e1 vida a un espacio que desde hace a\u00f1os requer\u00eda de una renovaci\u00f3n; estas acciones son reflejo de un compromiso nato del actual Gobierno para garantizar mejores condiciones para vivir, cambiar la imagen urbana y ofrecer un apoyo integral a las familias. En el evento se cont\u00f3 con la asistencia del Oficial Mayor del Ayuntamiento, Alejandro Serrano Cort\u00e9s; la presidenta del Sistema Municipal Para el Desarrollo Integral de la Familia (DIF), Mar\u00eda del Pilar Cardona Reyna; Nataly del Carmen Alfaro Escalante directora de Infraestructura; Juan Manuel Navarro Mu\u00f1iz, diputado federal, adem\u00e1s de directores y subdirectores de \u00e1reas municipales y miembros de la ciudadan\u00eda en general.<\/p>\n","protected":false},"excerpt":{"rendered":"<p>Con brocha en mano y en un ambiente alegre y emocionante, la Alcaldesa de Soledad de Graciano S\u00e1nchez, Leonor Noyola Cervantes, en su compromiso de transformar el municipio y los espacios de convivencia, arranc\u00f3 el proyecto de modernizaci\u00f3n y rehabilitaci\u00f3n de la Unidad Habitacional San Jorge, en el cual se invertir\u00e1n m\u00e1s de cuatro millones [&hellip;]<\/p>\n","protected":false},"author":2,"featured_media":6293,"comment_status":"open","ping_status":"open","sticky":false,"template":"","format":"standard","meta":{"footnotes":""},"categories":[30,1,24,21],"tags":[81,223,29,279,294,27,382],"class_list":{"0":"post-6292","1":"post","2":"type-post","3":"status-publish","4":"format-standard","5":"has-post-thumbnail","7":"category-de-la-region-centro","8":"category-destacadas","9":"category-informacion-general","10":"category-tu-soledad","11":"tag-alcaldesa-soledense","12":"tag-ayuntamiento-soledense","13":"tag-leonor-noyola","14":"tag-obras","15":"tag-san-luis","16":"tag-soledad","17":"tag-unidad-habitacional-san-jorge"},"_links":{"self":[{"href":"https:\/\/cronicadesoledad.com\/index.php\/wp-json\/wp\/v2\/posts\/6292","targetHints":{"allow":["GET"]}}],"collection":[{"href":"https:\/\/cronicadesoledad.com\/index.php\/wp-json\/wp\/v2\/posts"}],"about":[{"href":"https:\/\/cronicadesoledad.com\/index.php\/wp-json\/wp\/v2\/types\/post"}],"author":[{"embeddable":true,"href":"https:\/\/cronicadesoledad.com\/index.php\/wp-json\/wp\/v2\/users\/2"}],"replies":[{"embeddable":true,"href":"https:\/\/cronicadesoledad.com\/index.php\/wp-json\/wp\/v2\/comments?post=6292"}],"version-history":[{"count":1,"href":"https:\/\/cronicadesoledad.com\/index.php\/wp-json\/wp\/v2\/posts\/6292\/revisions"}],"predecessor-version":[{"id":6294,"href":"https:\/\/cronicadesoledad.com\/index.php\/wp-json\/wp\/v2\/posts\/6292\/revisions\/6294"}],"wp:featuredmedia":[{"embeddable":true,"href":"https:\/\/cronicadesoledad.com\/index.php\/wp-json\/wp\/v2\/media\/6293"}],"wp:attachment":[{"href":"https:\/\/cronicadesoledad.com\/index.php\/wp-json\/wp\/v2\/media?parent=6292"}],"wp:term":[{"taxonomy":"category","embeddable":true,"href":"https:\/\/cronicadesoledad.com\/index.php\/wp-json\/wp\/v2\/categories?post=6292"},{"taxonomy":"post_tag","embeddable":true,"href":"https:\/\/cronicadesoledad.com\/index.php\/wp-json\/wp\/v2\/tags?post=6292"}],"curies":[{"name":"wp","href":"https:\/\/api.w.org\/{rel}","templated":true}]}}