{"id":6298,"date":"2023-10-13T20:30:00","date_gmt":"2023-10-14T02:30:00","guid":{"rendered":"https:\/\/cronicadesoledad.com\/?p=6298"},"modified":"2023-10-13T19:02:25","modified_gmt":"2023-10-14T01:02:25","slug":"este-lunes-inicia-vacunacion-contra-la-influenza","status":"publish","type":"post","link":"https:\/\/cronicadesoledad.com\/index.php\/2023\/10\/13\/este-lunes-inicia-vacunacion-contra-la-influenza\/","title":{"rendered":"Este lunes inicia vacunaci\u00f3n contra la influenza"},"content":{"rendered":"\n<p>Con el lema &#8220;Por tu bienestar y el de tu familia \u00a1vac\u00fanate!\u201d, este pr\u00f3ximo lunes 16 de octubre a las nueve de la ma\u00f1ana iniciar\u00e1 una jornada de vacunaci\u00f3n contra la influenza en el patio de la Presidencia Municipal de Soledad de Graciano S\u00e1nchez, dentro de las acciones por proteger la salud de las personas, dijo la Alcaldesa, Leonor Noyola Cervantes.<\/p>\n\n\n\n<p>&#8220;La salud es el tesoro m\u00e1s preciado, por lo que el arranque de esta campa\u00f1a marca el inicio de una etapa dirigida a promover el cuidado de lo que m\u00e1s valoramos: la salud\u201d. Invit\u00f3 a la poblaci\u00f3n en general a acudir este lunes y sumarse a la corresponsabilidad de la salud, promoviendo el mensaje en sus familias y hogares.<\/p>\n\n\n\n<p>Asegur\u00f3 que esta iniciativa se enfocar\u00e1 principalmente en brindar atenci\u00f3n a los grupos de riesgo como lo son menores de cinco a\u00f1os de edad en los que la vacunaci\u00f3n temprana es esencial para prevenir complicaciones de salud; adultos mayores, en quienes a inmunizaci\u00f3n produce una reducci\u00f3n de riesgos de enfermedades graves, y mujeres embarazadas que pueden ser m\u00e1s susceptibles a enfermedades respiratorias.<\/p>\n\n\n\n<p>Esta campa\u00f1a se llevar\u00e1 a cabo en diversos puntos del municipio, garantizando el acceso a estas dosis de manera sencilla, gratuita y efectiva; por ello se insta a todas las y los ciudadanos que forman parte de estos grupos de riesgo a que se acerquen a recibir su dosis de protecci\u00f3n contra este padecimiento respiratorio.<\/p>\n","protected":false},"excerpt":{"rendered":"<p>Con el lema &#8220;Por tu bienestar y el de tu familia \u00a1vac\u00fanate!\u201d, este pr\u00f3ximo lunes 16 de octubre a las nueve de la ma\u00f1ana iniciar\u00e1 una jornada de vacunaci\u00f3n contra la influenza en el patio de la Presidencia Municipal de Soledad de Graciano S\u00e1nchez, dentro de las acciones por proteger la salud de las personas, [&hellip;]<\/p>\n","protected":false},"author":2,"featured_media":6299,"comment_status":"open","ping_status":"open","sticky":false,"template":"","format":"standard","meta":{"footnotes":""},"categories":[30,1,24,21],"tags":[223,385,269,27,384],"class_list":{"0":"post-6298","1":"post","2":"type-post","3":"status-publish","4":"format-standard","5":"has-post-thumbnail","7":"category-de-la-region-centro","8":"category-destacadas","9":"category-informacion-general","10":"category-tu-soledad","11":"tag-ayuntamiento-soledense","12":"tag-influenza","13":"tag-salud","14":"tag-soledad","15":"tag-vacunacion"},"_links":{"self":[{"href":"https:\/\/cronicadesoledad.com\/index.php\/wp-json\/wp\/v2\/posts\/6298","targetHints":{"allow":["GET"]}}],"collection":[{"href":"https:\/\/cronicadesoledad.com\/index.php\/wp-json\/wp\/v2\/posts"}],"about":[{"href":"https:\/\/cronicadesoledad.com\/index.php\/wp-json\/wp\/v2\/types\/post"}],"author":[{"embeddable":true,"href":"https:\/\/cronicadesoledad.com\/index.php\/wp-json\/wp\/v2\/users\/2"}],"replies":[{"embeddable":true,"href":"https:\/\/cronicadesoledad.com\/index.php\/wp-json\/wp\/v2\/comments?post=6298"}],"version-history":[{"count":1,"href":"https:\/\/cronicadesoledad.com\/index.php\/wp-json\/wp\/v2\/posts\/6298\/revisions"}],"predecessor-version":[{"id":6300,"href":"https:\/\/cronicadesoledad.com\/index.php\/wp-json\/wp\/v2\/posts\/6298\/revisions\/6300"}],"wp:featuredmedia":[{"embeddable":true,"href":"https:\/\/cronicadesoledad.com\/index.php\/wp-json\/wp\/v2\/media\/6299"}],"wp:attachment":[{"href":"https:\/\/cronicadesoledad.com\/index.php\/wp-json\/wp\/v2\/media?parent=6298"}],"wp:term":[{"taxonomy":"category","embeddable":true,"href":"https:\/\/cronicadesoledad.com\/index.php\/wp-json\/wp\/v2\/categories?post=6298"},{"taxonomy":"post_tag","embeddable":true,"href":"https:\/\/cronicadesoledad.com\/index.php\/wp-json\/wp\/v2\/tags?post=6298"}],"curies":[{"name":"wp","href":"https:\/\/api.w.org\/{rel}","templated":true}]}}