{"id":6327,"date":"2023-10-16T12:30:49","date_gmt":"2023-10-16T18:30:49","guid":{"rendered":"https:\/\/cronicadesoledad.com\/?p=6327"},"modified":"2023-10-16T12:30:49","modified_gmt":"2023-10-16T18:30:49","slug":"reciben-vecinos-rehabilitacion-total-de-la-valentin-amador","status":"publish","type":"post","link":"https:\/\/cronicadesoledad.com\/index.php\/2023\/10\/16\/reciben-vecinos-rehabilitacion-total-de-la-valentin-amador\/","title":{"rendered":"Reciben vecinos rehabilitaci\u00f3n total de la Valent\u00edn Amador"},"content":{"rendered":"\n<p><em>Al agradecer al Gobernador Ricado Gallardo los trabajos efectuados en la arteria vial, la Alcaldesa Leonor Noyola explic\u00f3 que los trabajos integrales buscan mejoran la infraestructura y los servicios b\u00e1sicos de la zona.<\/em><\/p>\n\n\n\n<p>Soledad de Graciano S\u00e1nchez, S.L.P..- Con una inversi\u00f3n de 41.3 millones de pesos, el Gobernador del Estado, Ricardo Gallardo Cardona y la Alcaldesa de Soledad de Graciano S\u00e1nchez, Leonor Noyola Cervantes, inauguraron los trabajos de la \u00faltima etapa de rehabilitaci\u00f3n integral de la Avenida Valent\u00edn Amador; un ambicioso proyecto que abarc\u00f3 una longitud de mil 323 metros.<\/p>\n\n\n\n<p>La obra, que beneficiar\u00e1 a casi 200 mil personas de forma directa e indirecta, brindar\u00e1 \u00f3ptimas condiciones de circulaci\u00f3n tanto para veh\u00edculos como para peatones, adem\u00e1s de que con los trabajos efectuados en el entorno, tambi\u00e9n se beneficiar\u00e1 a los colonos con banquetas renovadas, accesos vehiculares, pasos peatonales y una iluminaci\u00f3n de vanguardia, que convierte a esta v\u00eda en una de las m\u00e1s modernas y completas de Soledad.<\/p>\n\n\n\n<p>Durante su intervenci\u00f3n, Leonor Noyola celebr\u00f3 la ejecuci\u00f3n de esta obra tras afirmar que \u00e9ste es un gran ejemplo de las rehabilitaciones integrales que se logran con apoyo del Gobierno Estatal, demostrando lo grande que crece y se desarrolla Soledad: \u201csin la presencia, voluntad y cari\u00f1o del Gobernador, Ricardo Gallardo, por este municipio no estar\u00edamos avanzando tan r\u00e1pido\u201d.<\/p>\n\n\n\n<p>Reafirm\u00f3 que Soledad ya despeg\u00f3 y que hay en puerta muchos m\u00e1s proyectos importantes: \u201cporque nos merecemos calles dignas, calles iluminadas, seguras, con se\u00f1al\u00e9tica como esta donde nos encontramos hoy, que tiene un gran entorno que las familias podr\u00e1n disfrutar, para que todos se sientan orgullosos de este gran municipio\u201d.<\/p>\n\n\n\n<p>En su discurso, el Gobernador Ricardo Gallardo Cardona se\u00f1al\u00f3 que la pavimentaci\u00f3n de calles en Soledad continuar\u00e1 y que no quedar\u00e1 una sola arteria sin pavimento. Anunci\u00f3 tambi\u00e9n que en pr\u00f3ximos d\u00edas el Hospital General de Soledad se transformar\u00e1 en una unidad IMSS-Bienestar que permitir\u00e1 fortalecer la salud de los soledenses tengan o no afiliaci\u00f3n m\u00e9dica.<\/p>\n\n\n\n<p>La renovaci\u00f3n de esta arteria in- cluy\u00f3 un dise\u00f1o que integr\u00f3 un carril de circulaci\u00f3n para el arroyo vehicular, junto con espacio de acotamiento destinado al estacionamiento en ambos sentidos de circulaci\u00f3n, adem\u00e1s de que incluyeron la instalaci\u00f3n de una red de agua potable, un colector pluvial, una red de drenaje sanitario, as\u00ed como banquetas y guarniciones.<\/p>\n\n\n\n<p>Al evento de entrega de la rehabilitaci\u00f3n total de la Avenida Valent\u00edn Amador, acompa\u00f1aron al Gobernador Ricardo Gallardo y la Alcaldesa Leonor Noyola, la Presidenta del Sistema Municipal Para el Desarrollo Integral de la Familia en Soledad, Mar\u00eda del Pilar Cardona Reyna; la Directora de Infraestructura, Nataly del Carmen Alfaro Escalante; los titulares de la Secretar\u00eda T\u00e9cnica del Gabinete Estatal y Secretar\u00eda de Desarrollo Urbano Vivienda y Obras P\u00fablicas; el Diputado Federal Juan Manuel Navarro Mu\u00f1iz y Guillermo Monsiv\u00e1is Salazar, Director del Hospital General de Soledad de Graciano S\u00e1nchez.<\/p>\n\n\n\n<p><\/p>\n","protected":false},"excerpt":{"rendered":"<p>Al agradecer al Gobernador Ricado Gallardo los trabajos efectuados en la arteria vial, la Alcaldesa Leonor Noyola explic\u00f3 que los trabajos integrales buscan mejoran la infraestructura y los servicios b\u00e1sicos de la zona. Soledad de Graciano S\u00e1nchez, S.L.P..- Con una inversi\u00f3n de 41.3 millones de pesos, el Gobernador del Estado, Ricardo Gallardo Cardona y la [&hellip;]<\/p>\n","protected":false},"author":6,"featured_media":6328,"comment_status":"open","ping_status":"open","sticky":false,"template":"","format":"standard","meta":{"footnotes":""},"categories":[1,24,21],"tags":[81,29,177,27,393],"class_list":{"0":"post-6327","1":"post","2":"type-post","3":"status-publish","4":"format-standard","5":"has-post-thumbnail","7":"category-destacadas","8":"category-informacion-general","9":"category-tu-soledad","10":"tag-alcaldesa-soledense","11":"tag-leonor-noyola","12":"tag-ricardo-gallardo","13":"tag-soledad","14":"tag-valentin-amador"},"_links":{"self":[{"href":"https:\/\/cronicadesoledad.com\/index.php\/wp-json\/wp\/v2\/posts\/6327","targetHints":{"allow":["GET"]}}],"collection":[{"href":"https:\/\/cronicadesoledad.com\/index.php\/wp-json\/wp\/v2\/posts"}],"about":[{"href":"https:\/\/cronicadesoledad.com\/index.php\/wp-json\/wp\/v2\/types\/post"}],"author":[{"embeddable":true,"href":"https:\/\/cronicadesoledad.com\/index.php\/wp-json\/wp\/v2\/users\/6"}],"replies":[{"embeddable":true,"href":"https:\/\/cronicadesoledad.com\/index.php\/wp-json\/wp\/v2\/comments?post=6327"}],"version-history":[{"count":1,"href":"https:\/\/cronicadesoledad.com\/index.php\/wp-json\/wp\/v2\/posts\/6327\/revisions"}],"predecessor-version":[{"id":6329,"href":"https:\/\/cronicadesoledad.com\/index.php\/wp-json\/wp\/v2\/posts\/6327\/revisions\/6329"}],"wp:featuredmedia":[{"embeddable":true,"href":"https:\/\/cronicadesoledad.com\/index.php\/wp-json\/wp\/v2\/media\/6328"}],"wp:attachment":[{"href":"https:\/\/cronicadesoledad.com\/index.php\/wp-json\/wp\/v2\/media?parent=6327"}],"wp:term":[{"taxonomy":"category","embeddable":true,"href":"https:\/\/cronicadesoledad.com\/index.php\/wp-json\/wp\/v2\/categories?post=6327"},{"taxonomy":"post_tag","embeddable":true,"href":"https:\/\/cronicadesoledad.com\/index.php\/wp-json\/wp\/v2\/tags?post=6327"}],"curies":[{"name":"wp","href":"https:\/\/api.w.org\/{rel}","templated":true}]}}