{"id":6333,"date":"2023-10-16T12:52:18","date_gmt":"2023-10-16T18:52:18","guid":{"rendered":"https:\/\/cronicadesoledad.com\/?p=6333"},"modified":"2023-10-16T12:52:20","modified_gmt":"2023-10-16T18:52:20","slug":"fallece-el-ex-gobernador-teofilo-torres-corzo","status":"publish","type":"post","link":"https:\/\/cronicadesoledad.com\/index.php\/2023\/10\/16\/fallece-el-ex-gobernador-teofilo-torres-corzo\/","title":{"rendered":"Fallece el ex Gobernador Te\u00f3filo Torres Corzo"},"content":{"rendered":"\n<h2 class=\"wp-block-heading\"><em>El destacado pol\u00edtico potosino gobern\u00f3 San Luis y fue adem\u00e1s Senador de la Rep\u00fablica, legislador local y Diputado Federal.<\/em><\/h2>\n\n\n\n<p>El ex Gobernador Te\u00f3filo To- rres Corzo, falleci\u00f3 la tarde de este domingo a los 77 a\u00f1os de edad. Sin que se tengan detalles de las causas de su deceso, solo se inform\u00f3 que falleci\u00f3 rodeado del cari\u00f1o de sus hijas, nietos y dem\u00e1s seres queridos.<\/p>\n\n\n\n<p>Pol\u00edtico, empresario y legislador, Te\u00f3filo Torres Corzo, ocup\u00f3 a lo largo de su vida diversos cargos en las distintas c\u00e1maras empresariales de nuestra entidad, adem\u00e1s de ser Senador, Diputado Federal y legislador local.<\/p>\n\n\n\n<p>En los \u00faltimos a\u00f1os, Te\u00f3filo Torres Corzo dedic\u00f3 sus d\u00edas al desarrollo y crecimiento del Grupo Plano Informativo, entre cuyos medios de comunicaci\u00f3n se encuentran el peri\u00f3dico impreso y portal web del mismo nombre, as\u00ed como la Revista Qu\u00e9 Tal.<\/p>\n\n\n\n<p>Los servicios funerarios para despedir los restos mor- tales del Ex Gobernador potosino, Te\u00f3filo Torres Corzo, se efectuar\u00e1n en Funerales Hern\u00e1ndez este lunes a partir de las 9 de la ma\u00f1ana y se extender\u00e1n a lo largo de la noche, mientras que la misa de cuerpo presente se realizar\u00e1 el d\u00eda martes a las 11 hrs. en la Iglesia de Tequis.<\/p>\n\n\n\n<p><strong>Descanse en paz Don Te\u00f3filo Torres Corzo.<\/strong><\/p>\n\n\n\n<figure class=\"wp-block-image size-large\"><img loading=\"lazy\" decoding=\"async\" width=\"732\" height=\"1024\" src=\"https:\/\/cronicadesoledad.com\/wp-content\/uploads\/2023\/10\/WhatsApp-Image-2023-10-15-at-6.25.56-PM-732x1024.jpeg\" alt=\"\" class=\"wp-image-6334\" srcset=\"https:\/\/cronicadesoledad.com\/wp-content\/uploads\/2023\/10\/WhatsApp-Image-2023-10-15-at-6.25.56-PM-732x1024.jpeg 732w, https:\/\/cronicadesoledad.com\/wp-content\/uploads\/2023\/10\/WhatsApp-Image-2023-10-15-at-6.25.56-PM-214x300.jpeg 214w, https:\/\/cronicadesoledad.com\/wp-content\/uploads\/2023\/10\/WhatsApp-Image-2023-10-15-at-6.25.56-PM-768x1075.jpeg 768w, https:\/\/cronicadesoledad.com\/wp-content\/uploads\/2023\/10\/WhatsApp-Image-2023-10-15-at-6.25.56-PM-1097x1536.jpeg 1097w, https:\/\/cronicadesoledad.com\/wp-content\/uploads\/2023\/10\/WhatsApp-Image-2023-10-15-at-6.25.56-PM-696x974.jpeg 696w, https:\/\/cronicadesoledad.com\/wp-content\/uploads\/2023\/10\/WhatsApp-Image-2023-10-15-at-6.25.56-PM-1068x1495.jpeg 1068w, https:\/\/cronicadesoledad.com\/wp-content\/uploads\/2023\/10\/WhatsApp-Image-2023-10-15-at-6.25.56-PM.jpeg 1429w\" sizes=\"auto, (max-width: 732px) 100vw, 732px\" \/><\/figure>\n","protected":false},"excerpt":{"rendered":"<p>El destacado pol\u00edtico potosino gobern\u00f3 San Luis y fue adem\u00e1s Senador de la Rep\u00fablica, legislador local y Diputado Federal. El ex Gobernador Te\u00f3filo To- rres Corzo, falleci\u00f3 la tarde de este domingo a los 77 a\u00f1os de edad. Sin que se tengan detalles de las causas de su deceso, solo se inform\u00f3 que falleci\u00f3 rodeado [&hellip;]<\/p>\n","protected":false},"author":6,"featured_media":6335,"comment_status":"open","ping_status":"open","sticky":false,"template":"","format":"standard","meta":{"footnotes":""},"categories":[30,1,24],"tags":[397,294],"class_list":{"0":"post-6333","1":"post","2":"type-post","3":"status-publish","4":"format-standard","5":"has-post-thumbnail","7":"category-de-la-region-centro","8":"category-destacadas","9":"category-informacion-general","10":"tag-ex-gobernador","11":"tag-san-luis"},"_links":{"self":[{"href":"https:\/\/cronicadesoledad.com\/index.php\/wp-json\/wp\/v2\/posts\/6333","targetHints":{"allow":["GET"]}}],"collection":[{"href":"https:\/\/cronicadesoledad.com\/index.php\/wp-json\/wp\/v2\/posts"}],"about":[{"href":"https:\/\/cronicadesoledad.com\/index.php\/wp-json\/wp\/v2\/types\/post"}],"author":[{"embeddable":true,"href":"https:\/\/cronicadesoledad.com\/index.php\/wp-json\/wp\/v2\/users\/6"}],"replies":[{"embeddable":true,"href":"https:\/\/cronicadesoledad.com\/index.php\/wp-json\/wp\/v2\/comments?post=6333"}],"version-history":[{"count":1,"href":"https:\/\/cronicadesoledad.com\/index.php\/wp-json\/wp\/v2\/posts\/6333\/revisions"}],"predecessor-version":[{"id":6336,"href":"https:\/\/cronicadesoledad.com\/index.php\/wp-json\/wp\/v2\/posts\/6333\/revisions\/6336"}],"wp:featuredmedia":[{"embeddable":true,"href":"https:\/\/cronicadesoledad.com\/index.php\/wp-json\/wp\/v2\/media\/6335"}],"wp:attachment":[{"href":"https:\/\/cronicadesoledad.com\/index.php\/wp-json\/wp\/v2\/media?parent=6333"}],"wp:term":[{"taxonomy":"category","embeddable":true,"href":"https:\/\/cronicadesoledad.com\/index.php\/wp-json\/wp\/v2\/categories?post=6333"},{"taxonomy":"post_tag","embeddable":true,"href":"https:\/\/cronicadesoledad.com\/index.php\/wp-json\/wp\/v2\/tags?post=6333"}],"curies":[{"name":"wp","href":"https:\/\/api.w.org\/{rel}","templated":true}]}}