{"id":6357,"date":"2023-10-17T10:39:35","date_gmt":"2023-10-17T16:39:35","guid":{"rendered":"https:\/\/cronicadesoledad.com\/?p=6357"},"modified":"2023-10-17T10:39:35","modified_gmt":"2023-10-17T16:39:35","slug":"ya-son-inmortales","status":"publish","type":"post","link":"https:\/\/cronicadesoledad.com\/index.php\/2023\/10\/17\/ya-son-inmortales\/","title":{"rendered":"\u00a1YA SON \u201cINMORTALES&#8221;!"},"content":{"rendered":"\n<h2 class=\"wp-block-heading\">En emotiva ceremonia, el Sal\u00f3n de la Fama del F\u00fatbol Internacional invirti\u00f3 a sus 18 nuevos integrantes, de entre quienes destacan Totti, Cuauht\u00e9moc Blanco, Puyol, Rafa M\u00e1rquez, Eto\u2019 o, Ancelotti y Emilio Azc\u00e1rraga Milmo.<\/h2>\n\n\n\n<p>Francesco Totti, Cuauht\u00e9moc Blanco, Carles Puyol,&nbsp;Emilio Azc\u00e1rraga Milmo,&nbsp;Xavi Hern\u00e1ndez,&nbsp;Rafael Marquez,Samuel Eto\u00b4o,&nbsp;\u00d3scar P\u00e9rez,&nbsp;Carlo Ancelotti,&nbsp;Ricardo Lavolpe,&nbsp;Rivaldo, Kak\u00e1, Fernando Quirarte, Jos\u00e9 Alves \u2018Zague\u2019, Isidoro D\u00edaz, Uwe Seeler, Pretinha y Andrea Rodebaugh,&nbsp;forman parte del selecto grupo de Investidos&nbsp;al Sal\u00f3n de la Fama del F\u00fatbol Internacional&nbsp;en su Generaci\u00f3n 2023.<\/p>\n\n\n\n<p>Emotiva, llena de sorpresas,de&nbsp;l\u00e1grimas y much\u00edsimas an\u00e9cdotas, la Ceremonia de Investidura de la Clase 2023 del Sal\u00f3n de la Fama del F\u00fatbol Internacional,&nbsp;sirvi\u00f3 tambi\u00e9n&nbsp;de marco para que un grupo de ni\u00f1os integrantes de las fuerzas inferiores del Club Pachuca entregaran una rosa a la Tuza&nbsp;Jenni Hermoso, campeona del mundo con&nbsp;la Selecci\u00f3n&nbsp;Espa\u00f1ola y&nbsp;(en lo que debi\u00f3 haber sido el d\u00eda m\u00e1s feliz de su vida),&nbsp;violentada por el&nbsp;entonces&nbsp;Presidente de la Federaci\u00f3n Espa\u00f1ola de F\u00fatbol,&nbsp;quien la beso sin su consentimiento&nbsp;durante la ceremonia de premiaci\u00f3n del&nbsp;campeonato del mundo.&nbsp;<\/p>\n\n\n\n<p>El primero en ser investido fue Rafael Marquez, quien&nbsp;en un largo discurso&nbsp;agradeci\u00f3&nbsp;a su madre por haberle colgado el tel\u00e9fono cuando en un momento de desesperaci\u00f3n la llam\u00f3 para pedirle que fuera por \u00e9l y ella decidida se neg\u00f3.<\/p>\n\n\n\n<p>&#8220;Recuerdo que uno de esos d\u00edas donde yo ya no pod\u00eda la llam\u00e9 y le dije que pasara por m\u00ed y ella me dijo que esto era lo que yo tanto quer\u00eda as\u00ed que me aguantara, que siguiera adelante y me colg\u00f3. De no haber sido por ella, yo no hubiera vivido todo lo que viv\u00ed&#8221;.<\/p>\n\n\n\n<p>Quien junto a Rafa Marquez vivi\u00f3 los momentos m\u00e1s espectaculares del F\u00fatbol Club Barcelona,&nbsp;Carles Puyol, quien ofreci\u00f3 ser m\u00e1s breve en su discurso y lo cumpli\u00f3.<\/p>\n\n\n\n<p>&#8220;Yo no me extender\u00e9 tanto, pero puedo decir que me siento como en casa aqu\u00ed en&nbsp;M\u00e9xico, creo que haber hecho dupla con&nbsp;Rafa M\u00e1rquez&nbsp;ha ayudado a que la gente me tenga m\u00e1s cari\u00f1o y respeto. Gracias por todo&#8221;, indic\u00f3.<\/p>\n\n\n\n<p>Agradecido con M\u00e9xico,&nbsp;Ricardo Antonio La Volpe&nbsp;se conmovio al recibir el saco que lo invisti\u00f3 formalmente como Inmortal y llorando agradeci\u00f3 a M\u00e9xico ppor permitirle jugar y hasta convertirse en director t\u00e9cnico de la Selecci\u00f3n Nacional de M\u00e9xico.<\/p>\n\n\n\n<p>&#8220;Agradezco a M\u00e9xico porque me permiti\u00f3 jugar y despu\u00e9s en la segunda profesi\u00f3n me dio oportunidad de dirigir al pa\u00eds, de que mis hijas se casen, de que tenga nietos;&nbsp;todo me lo dio M\u00e9xico. Muchas gracias a quienes nos votaron y todos los que me pusieron aqu\u00ed&#8221;,&nbsp;se\u00f1al\u00f3 Lavolpe.<\/p>\n\n\n\n<p>Lleg\u00f3 el turno de Totti, el capitan de la Selecci\u00f3n Italiana que alz\u00f3 la Copa del Mundo para su pa\u00eds&nbsp;en Alemania 2006, quien con sencillas y breves palabras agradeci\u00f3 la inmortalizaci\u00f3n a su carrera y a toda una vida jugando para la Roma.<\/p>\n\n\n\n<p>Uno de los discursos m\u00e1s significativos lo dio&nbsp;Emilio Azcarraga Jean, quien&nbsp;luego de destacar&nbsp;que su padre fue un visionario que construy\u00f3 el Estadio Azteca, realiz\u00f3 la primera transmisi\u00f3n de un mundial de f\u00fatbol en Chile 1962 y creo un emporio televisivo y radial que creci\u00f3 hasta convertirlos en los m\u00e1s grandes del continente americano, cerr\u00f3 su discurso indicando lo que&nbsp;seguramente su padre estar\u00eda diciendo en el cielo al recibir el honor de accesar al Sal\u00f3n de la&nbsp;Fama:&nbsp;\u201cmi pap\u00e1 seguraente est\u00e1 arriba echandose un tequila y diciendo `ya era hora cabrones\u00b4.<\/p>\n\n\n\n<p>El que se llev\u00f3 la noche fue&nbsp;<a href=\"https:\/\/www.record.com.mx\/futbol-liga-mx-chivas\/isidoro-diaz-sobre-las-indisciplinas-en-el-rebano-la-culpa-es-de-la-directiva\" target=\"_blank\" rel=\"noreferrer noopener\">Cuauht\u00e9moc Blanco<\/a>, quien&nbsp;entre gruesas l\u00e1grimas&nbsp;agradeci\u00f3&nbsp;a quien lo descubri\u00f3 y lo llev\u00f3 a buscar una oportunidad para jugar en el Am\u00e9rica.<\/p>\n\n\n\n<p>&#8220;Les pido un aplauso para \u00c1ngel Gonz\u00e1lez&nbsp;quien&nbsp;cuando yo no ten\u00eda para los camiones me dijo &#8216;vente a entrenar, hijo&#8217;; y si estoy aqu\u00ed es por \u00e9l&#8221;.<\/p>\n\n\n\n<p>Cabe mencionar que&nbsp;los tambi\u00e9n investidos:&nbsp;Carlo Ancelotti,&nbsp;Xavi Hern\u00e1ndez,&nbsp;Kak\u00e1,&nbsp;Rivaldo&nbsp;y&nbsp;Samuel Eto&#8217;o,&nbsp;varios de los investidos no pudieron acudir a la gala&nbsp;de manera presencial argumentando temas laborales.<\/p>\n","protected":false},"excerpt":{"rendered":"<p>En emotiva ceremonia, el Sal\u00f3n de la Fama del F\u00fatbol Internacional invirti\u00f3 a sus 18 nuevos integrantes, de entre quienes destacan Totti, Cuauht\u00e9moc Blanco, Puyol, Rafa M\u00e1rquez, Eto\u2019 o, Ancelotti y Emilio Azc\u00e1rraga Milmo. Francesco Totti, Cuauht\u00e9moc Blanco, Carles Puyol,&nbsp;Emilio Azc\u00e1rraga Milmo,&nbsp;Xavi Hern\u00e1ndez,&nbsp;Rafael Marquez,Samuel Eto\u00b4o,&nbsp;\u00d3scar P\u00e9rez,&nbsp;Carlo Ancelotti,&nbsp;Ricardo Lavolpe,&nbsp;Rivaldo, Kak\u00e1, Fernando Quirarte, Jos\u00e9 Alves \u2018Zague\u2019, Isidoro [&hellip;]<\/p>\n","protected":false},"author":6,"featured_media":6358,"comment_status":"open","ping_status":"open","sticky":false,"template":"","format":"standard","meta":{"footnotes":""},"categories":[20,1,24],"tags":[321,410,412,293,411,409],"class_list":{"0":"post-6357","1":"post","2":"type-post","3":"status-publish","4":"format-standard","5":"has-post-thumbnail","7":"category-cronica-deportiva","8":"category-destacadas","9":"category-informacion-general","10":"tag-cronica-deportiva","11":"tag-cuauhtemoc-blanco","12":"tag-emilio-azcarraga","13":"tag-futbol-2","14":"tag-rafa-marquez","15":"tag-salon-de-la-fama-del-futbol"},"_links":{"self":[{"href":"https:\/\/cronicadesoledad.com\/index.php\/wp-json\/wp\/v2\/posts\/6357","targetHints":{"allow":["GET"]}}],"collection":[{"href":"https:\/\/cronicadesoledad.com\/index.php\/wp-json\/wp\/v2\/posts"}],"about":[{"href":"https:\/\/cronicadesoledad.com\/index.php\/wp-json\/wp\/v2\/types\/post"}],"author":[{"embeddable":true,"href":"https:\/\/cronicadesoledad.com\/index.php\/wp-json\/wp\/v2\/users\/6"}],"replies":[{"embeddable":true,"href":"https:\/\/cronicadesoledad.com\/index.php\/wp-json\/wp\/v2\/comments?post=6357"}],"version-history":[{"count":1,"href":"https:\/\/cronicadesoledad.com\/index.php\/wp-json\/wp\/v2\/posts\/6357\/revisions"}],"predecessor-version":[{"id":6359,"href":"https:\/\/cronicadesoledad.com\/index.php\/wp-json\/wp\/v2\/posts\/6357\/revisions\/6359"}],"wp:featuredmedia":[{"embeddable":true,"href":"https:\/\/cronicadesoledad.com\/index.php\/wp-json\/wp\/v2\/media\/6358"}],"wp:attachment":[{"href":"https:\/\/cronicadesoledad.com\/index.php\/wp-json\/wp\/v2\/media?parent=6357"}],"wp:term":[{"taxonomy":"category","embeddable":true,"href":"https:\/\/cronicadesoledad.com\/index.php\/wp-json\/wp\/v2\/categories?post=6357"},{"taxonomy":"post_tag","embeddable":true,"href":"https:\/\/cronicadesoledad.com\/index.php\/wp-json\/wp\/v2\/tags?post=6357"}],"curies":[{"name":"wp","href":"https:\/\/api.w.org\/{rel}","templated":true}]}}