{"id":6366,"date":"2023-10-17T13:22:25","date_gmt":"2023-10-17T19:22:25","guid":{"rendered":"https:\/\/cronicadesoledad.com\/?p=6366"},"modified":"2023-10-17T13:22:25","modified_gmt":"2023-10-17T19:22:25","slug":"amlo-critica-protestas-del-poder-judicial","status":"publish","type":"post","link":"https:\/\/cronicadesoledad.com\/index.php\/2023\/10\/17\/amlo-critica-protestas-del-poder-judicial\/","title":{"rendered":"AMLO critica protestas del Poder Judicial"},"content":{"rendered":"\n<h2 class=\"wp-block-heading\">El presidente sostiene que ellos no se ver\u00e1n afectados.\u00a0<\/h2>\n\n\n\n<p>Durante la conferencia ma\u00f1anera, el mandatario critic\u00f3 el paro nacional encabezado por trabajadores del Poder Judicial de la Federaci\u00f3n (PJF), insistiendo en que la reforma no les afectar\u00e1, lo que buscan es \u201cquitar privilegios a los de arriba\u201d.&nbsp;<\/p>\n\n\n\n<p>Hablando espec\u00edficamente sobre los trabajadores del dijo \u201cEllos van a resultar beneficiados porque lo que se debe buscar es bajarle el sueldo y sobre todo a los privilegiados de arriba y subir el sueldo a los de abajo\u201d.&nbsp;<\/p>\n\n\n\n<p>Aunque acept\u00f3 su derecho a manifestarse tambi\u00e9n mencion\u00f3 \u201cSe van de vacaciones no trabajan\u201d,&nbsp; adem\u00e1s les pidi\u00f3 que no se dejen manipular, insistiendo una vez m\u00e1s que la extinci\u00f3n de los fideicomisos no les va a afectar.&nbsp;<\/p>\n\n\n\n<p>Utilizando de excusa las protestas, critic\u00f3 al Poder Judicial, mencionando que en 40 a\u00f1os, solo han favorecido a las minor\u00edas, legalizando la corrupci\u00f3n y legitimando el robo.&nbsp;<\/p>\n\n\n\n<p>Las protestas siguen.&nbsp;<\/p>\n\n\n\n<p>Desde el lunes las protestas del Poder Judicial se est\u00e1n llevando a nivel nacional. La ciudad m\u00e1s afectada es la CDMX, desde las 8am del 17 de octubre los trabajadores comenzaron con bloqueos, el principal en Av. Insurgentes frente a su sede.&nbsp;<\/p>\n\n\n\n<p>Las concentraciones en otros puntos del pa\u00eds se siguen realizando frente a las Supremas Cortes de Justicia de la Naci\u00f3n en varios estados como Oaxaca, Chiapas, Hidalgo, Quintana Roo y San Luis Potos\u00ed.&nbsp;<\/p>\n","protected":false},"excerpt":{"rendered":"<p>El presidente sostiene que ellos no se ver\u00e1n afectados.\u00a0 Durante la conferencia ma\u00f1anera, el mandatario critic\u00f3 el paro nacional encabezado por trabajadores del Poder Judicial de la Federaci\u00f3n (PJF), insistiendo en que la reforma no les afectar\u00e1, lo que buscan es \u201cquitar privilegios a los de arriba\u201d.&nbsp; Hablando espec\u00edficamente sobre los trabajadores del dijo \u201cEllos [&hellip;]<\/p>\n","protected":false},"author":6,"featured_media":6367,"comment_status":"open","ping_status":"open","sticky":false,"template":"","format":"standard","meta":{"footnotes":""},"categories":[1,24],"tags":[182,287,419,420,294],"class_list":{"0":"post-6366","1":"post","2":"type-post","3":"status-publish","4":"format-standard","5":"has-post-thumbnail","7":"category-destacadas","8":"category-informacion-general","9":"tag-amlo","10":"tag-nacional","11":"tag-poder-judicial","12":"tag-protestas-poder-judicial","13":"tag-san-luis"},"_links":{"self":[{"href":"https:\/\/cronicadesoledad.com\/index.php\/wp-json\/wp\/v2\/posts\/6366","targetHints":{"allow":["GET"]}}],"collection":[{"href":"https:\/\/cronicadesoledad.com\/index.php\/wp-json\/wp\/v2\/posts"}],"about":[{"href":"https:\/\/cronicadesoledad.com\/index.php\/wp-json\/wp\/v2\/types\/post"}],"author":[{"embeddable":true,"href":"https:\/\/cronicadesoledad.com\/index.php\/wp-json\/wp\/v2\/users\/6"}],"replies":[{"embeddable":true,"href":"https:\/\/cronicadesoledad.com\/index.php\/wp-json\/wp\/v2\/comments?post=6366"}],"version-history":[{"count":1,"href":"https:\/\/cronicadesoledad.com\/index.php\/wp-json\/wp\/v2\/posts\/6366\/revisions"}],"predecessor-version":[{"id":6368,"href":"https:\/\/cronicadesoledad.com\/index.php\/wp-json\/wp\/v2\/posts\/6366\/revisions\/6368"}],"wp:featuredmedia":[{"embeddable":true,"href":"https:\/\/cronicadesoledad.com\/index.php\/wp-json\/wp\/v2\/media\/6367"}],"wp:attachment":[{"href":"https:\/\/cronicadesoledad.com\/index.php\/wp-json\/wp\/v2\/media?parent=6366"}],"wp:term":[{"taxonomy":"category","embeddable":true,"href":"https:\/\/cronicadesoledad.com\/index.php\/wp-json\/wp\/v2\/categories?post=6366"},{"taxonomy":"post_tag","embeddable":true,"href":"https:\/\/cronicadesoledad.com\/index.php\/wp-json\/wp\/v2\/tags?post=6366"}],"curies":[{"name":"wp","href":"https:\/\/api.w.org\/{rel}","templated":true}]}}