{"id":6391,"date":"2023-10-18T11:01:12","date_gmt":"2023-10-18T17:01:12","guid":{"rendered":"https:\/\/cronicadesoledad.com\/?p=6391"},"modified":"2023-10-18T11:03:26","modified_gmt":"2023-10-18T17:03:26","slug":"mexico-y-alemania-empatan","status":"publish","type":"post","link":"https:\/\/cronicadesoledad.com\/index.php\/2023\/10\/18\/mexico-y-alemania-empatan\/","title":{"rendered":"M\u00e9xico y Alemania empatan"},"content":{"rendered":"\n<p>El marcador termin\u00f3 2-2. <\/p>\n\n\n\n<p><\/p>\n\n\n\n<p>Caja, clink, caja, clink\u2026 y en d\u00f3lares. Ante un abarrotado Lincoln Financial Field en Filadelfia, la Selecci\u00f3n Mexicana consigui\u00f3 empatar 2-2 contra Alemania y dej\u00f3 un grato sabor de boca a los m\u00e1s de 65 mil aficionados que se dieron cita para ver el segundo compromiso de la Fecha FIFA del mes de octubre en suelo norteamericano.<\/p>\n\n\n\n<p>Aunque Alemania avis\u00f3 primero, Guillermo Ochoa fue factor desde el minuto 5, sin embargo, la selecci\u00f3n teutona no baj\u00f3 el ritmo y encontr\u00f3 la recompensa al 24 de tiempo corrido. En un tiro de esquina, Leroy San\u00e9 cobr\u00f3 a primer poste y Robin Gosens pein\u00f3 para segundo poste, ah\u00ed lleg\u00f3 sin marca Antonio R\u00fcdiger y los pupilos de Julian Nagelsmann se fueron arriba con el 0-1.<\/p>\n\n\n\n<p>Despu\u00e9s de la anotaci\u00f3n, Uriel Antuna y Santiago Gim\u00e9nez no estuvieron finos en la \u00faltima zona y dejaron pasar la oportunidad de igualar. Fue en un contragolpe al 36 que lleg\u00f3 el tanto de la igualada para los aztecas. Luego de un gol anulado a Thomas M\u00fcller por fuera de lugar, Ochoa cobr\u00f3 r\u00e1pido y largo; Hirving \u201cChucky\u201d Lozano aprovech\u00f3 un error de la zaga europea y lleg\u00f3 a l\u00ednea final, mand\u00f3 centro a primer poste y Antuna gan\u00f3 la espalda para anotar el 1-1. Con dicho resultado, ambos conjuntos se ir\u00edan a los vestidores.<\/p>\n\n\n\n<figure class=\"wp-block-embed aligncenter is-type-rich is-provider-twitter wp-block-embed-twitter\"><div class=\"wp-block-embed__wrapper\">\n<blockquote class=\"twitter-tweet\" data-width=\"550\" data-dnt=\"true\"><p lang=\"es\" dir=\"ltr\">\u26bd\ufe0f\ud83c\uddf2\ud83c\uddfd\ud83d\udd25 \u00a1Gooool de M\u00e9xico!<br>\u26bd\ufe0f\ud83c\uddf2\ud83c\uddfd\ud83d\udd25 \u00a1Gooool de M\u00e9xico!<br>\u26bd\ufe0f\ud83c\uddf2\ud83c\uddfd\ud83d\udd25 \u00a1Gooool de M\u00e9xico!<br><br>Chucky Lozano mete el centro y Uriel Antuna la manda guardar \ud83d\udc4f\ud83c\udffb\ud83d\udc4f\ud83c\udffb\ud83d\udc4f\ud83c\udffb\ud83d\udc4f\ud83c\udffb\ud83d\udc4f\ud83c\udffb\ud83d\udc4f\ud83c\udffb\ud83d\udc4f\ud83c\udffb\ud83d\udc4f\ud83c\udffb\ud83d\udc4f\ud83c\udffb\ud83d\udc4f\ud83c\udffb\ud83d\udc4f\ud83c\udffb<br><br>\ud83d\udd34 EN VIVO <br><br>\ud83d\udcfa Canal 5 | TUDN <a href=\"https:\/\/twitter.com\/hashtag\/SiYoFueraElJimmy?src=hash&amp;ref_src=twsrc%5Etfw\">#SiYoFueraElJimmy<\/a> <a href=\"https:\/\/t.co\/JRppUq2NBr\">pic.twitter.com\/JRppUq2NBr<\/a><\/p>&mdash; TUDN MEX (@TUDNMEX) <a href=\"https:\/\/twitter.com\/TUDNMEX\/status\/1714445693757145285?ref_src=twsrc%5Etfw\">October 18, 2023<\/a><\/blockquote><script async src=\"https:\/\/platform.twitter.com\/widgets.js\" charset=\"utf-8\"><\/script>\n<\/div><\/figure>\n\n\n\n<p>Para el complementario, Erick S\u00e1nchez apareci\u00f3 de forma sorpresiva en el \u00e1rea y con un testarazo remat\u00f3 un centro de Uriel Antuna al poste m\u00e1s lejano de Marc-Andr\u00e9 Ter Stegen. El j\u00fabilo se apoder\u00f3 del estadio con el 2-1 al minuto 47, pero el balde de agua fr\u00eda lleg\u00f3 a los escasos segundos.<\/p>\n\n\n\n<p>San\u00e9 lleg\u00f3 a l\u00ednea de fondo al 50 de tiempo corrido y centr\u00f3 para el remate de Florian Witz, mismo que sac\u00f3 Ochoa en la l\u00ednea; el bal\u00f3n qued\u00f3 suelto y en la segunda oportunidad, el reci\u00e9n ingresado Niclas F\u00fcllkrug fusil\u00f3 para el 2-2.<\/p>\n\n\n\n<p>Pasados los 60 minutos de juego, los cambios llegaron en ambos banquillos. Jaime Lozano apost\u00f3 por Sebasti\u00e1n C\u00f3rdova y Luis Ch\u00e1vez, mismos que sustituyeron a Erick S\u00e1nchez y Luis Romo. En la recta final, Henry Martin, C\u00e9sar \u201cChino\u201d Huerta y Orbel\u00edn Pineda entraron en el combinado del \u201cJimmy\u201d, pero poco pudieron hacer en el terreno de juego para inclinar la balanza a favor de los aztecas.<\/p>\n\n\n\n<p>M\u00e9xico se jugar\u00e1 el pase ante la Copa Am\u00e9rica en eliminatoria de ida y vuelta contra un representante de la CONCACAF que surgir\u00e1 de la Nations League. Hasta el momento, el representativo que enfrentar\u00eda \u201cEl Tri\u201d es Honduras.<\/p>\n\n\n\n<p><\/p>\n\n\n\n<p>Informaci\u00f3n v\u00eda C\u00f3digo San Luis <\/p>\n","protected":false},"excerpt":{"rendered":"<p>El marcador termin\u00f3 2-2. Caja, clink, caja, clink\u2026 y en d\u00f3lares. Ante un abarrotado Lincoln Financial Field en Filadelfia, la Selecci\u00f3n Mexicana consigui\u00f3 empatar 2-2 contra Alemania y dej\u00f3 un grato sabor de boca a los m\u00e1s de 65 mil aficionados que se dieron cita para ver el segundo compromiso de la Fecha FIFA del [&hellip;]<\/p>\n","protected":false},"author":6,"featured_media":6392,"comment_status":"open","ping_status":"open","sticky":false,"template":"","format":"standard","meta":{"footnotes":""},"categories":[20,1,24],"tags":[437,288,435,287,436],"class_list":{"0":"post-6391","1":"post","2":"type-post","3":"status-publish","4":"format-standard","5":"has-post-thumbnail","7":"category-cronica-deportiva","8":"category-destacadas","9":"category-informacion-general","10":"tag-alemania","11":"tag-internacional","12":"tag-mexico-vs-alemania","13":"tag-nacional","14":"tag-seleccion-mexicana-de-futbol"},"_links":{"self":[{"href":"https:\/\/cronicadesoledad.com\/index.php\/wp-json\/wp\/v2\/posts\/6391","targetHints":{"allow":["GET"]}}],"collection":[{"href":"https:\/\/cronicadesoledad.com\/index.php\/wp-json\/wp\/v2\/posts"}],"about":[{"href":"https:\/\/cronicadesoledad.com\/index.php\/wp-json\/wp\/v2\/types\/post"}],"author":[{"embeddable":true,"href":"https:\/\/cronicadesoledad.com\/index.php\/wp-json\/wp\/v2\/users\/6"}],"replies":[{"embeddable":true,"href":"https:\/\/cronicadesoledad.com\/index.php\/wp-json\/wp\/v2\/comments?post=6391"}],"version-history":[{"count":1,"href":"https:\/\/cronicadesoledad.com\/index.php\/wp-json\/wp\/v2\/posts\/6391\/revisions"}],"predecessor-version":[{"id":6393,"href":"https:\/\/cronicadesoledad.com\/index.php\/wp-json\/wp\/v2\/posts\/6391\/revisions\/6393"}],"wp:featuredmedia":[{"embeddable":true,"href":"https:\/\/cronicadesoledad.com\/index.php\/wp-json\/wp\/v2\/media\/6392"}],"wp:attachment":[{"href":"https:\/\/cronicadesoledad.com\/index.php\/wp-json\/wp\/v2\/media?parent=6391"}],"wp:term":[{"taxonomy":"category","embeddable":true,"href":"https:\/\/cronicadesoledad.com\/index.php\/wp-json\/wp\/v2\/categories?post=6391"},{"taxonomy":"post_tag","embeddable":true,"href":"https:\/\/cronicadesoledad.com\/index.php\/wp-json\/wp\/v2\/tags?post=6391"}],"curies":[{"name":"wp","href":"https:\/\/api.w.org\/{rel}","templated":true}]}}