{"id":6403,"date":"2023-10-18T20:00:00","date_gmt":"2023-10-19T02:00:00","guid":{"rendered":"https:\/\/cronicadesoledad.com\/?p=6403"},"modified":"2023-10-18T23:42:30","modified_gmt":"2023-10-19T05:42:30","slug":"arranco-la-carrera-panamericana-en-soledad","status":"publish","type":"post","link":"https:\/\/cronicadesoledad.com\/index.php\/2023\/10\/18\/arranco-la-carrera-panamericana-en-soledad\/","title":{"rendered":"Arranc\u00f3 la Carrera Panamericana en Soledad"},"content":{"rendered":"\n<p>Ante un p\u00fablico entusiasta, deportistas y autoridades estatales, la Alcaldesa de Soledad de Graciano S\u00e1nchez, Leonor Noyola Cervantes, junto al Gobernador del Estado, Ricardo Gallardo Cardona, dio el banderazo de salida a los m\u00e1s de 80 autos cl\u00e1sicos que participan en la Carrera Panamericana 2023, la cual es liderada por &#8220;El Malditillo&#8221; que conduce el potosino Ricardo Cordero, pentacampe\u00f3n de esta justa automovil\u00edstica.<\/p>\n\n\n\n<p>Ante este evento que suma al impulso tur\u00edstico del municipio, la edil extern\u00f3 que Soledad tiene hoy m\u00e1s bondades y caracter\u00edsticas destacables en infraestructura urbana, condiciones de flujo econ\u00f3mico y espacios que permiten ser electos para albergar este tipo de eventos de gran renombre.<\/p>\n\n\n\n<p>Durante su intervenci\u00f3n, Ricardo Cordero agradeci\u00f3 a las autoridades las facilidades prestadas para realizar esta carrera, &#8220;quiero agradecer a todos los presentes por todas las atenciones que prestaron para la Carrera Panamericana, porque sin el apoyo no hubi\u00e9ramos podido cerrar las carreteras estatales y ense\u00f1arles a los pilotos nacionales e internacionales que vienen a conocer San Luis Potos\u00ed, lo bello que es nuestro estado y el orgullo que tenemos de ser potosinos&#8221;.<\/p>\n\n\n\n<p>El evento de arranque de la etapa San Luis Potos\u00ed &#8211; Monterrey se llev\u00f3 a cabo en el reci\u00e9n inaugurado Puente Vehicular Atirantado en el reci\u00e9n nombrado Valle de los Fantasmas, y atrajo la atenci\u00f3n de una gran multitud de entusiastas seguidores de esta competencia que con porras y aplausos alentaban a los pilotos que a gran velocidad atravesaban por la importante v\u00eda para continuar con su camino.<\/p>\n\n\n\n<p>El rugido de los motores y la emoci\u00f3n en el aire fueron evidentes cuando los competidores arrancaron sus veh\u00edculos, haciendo que el bulevar cobrara vida con momentos de adrenalina, listos para recorrer varios municipios. En el evento que adem\u00e1s de ser un emocionante espect\u00e1culo deportivo, sirvi\u00f3 como una ocasi\u00f3n para unir familias y mostrar el esp\u00edritu vibrante de Soledad.<\/p>\n\n\n\n<p>Se cont\u00f3 con la presencia de las y los titulares de la Secretaria T\u00e9cnica del Gabinete Estatal; Secretar\u00eda General de Gobierno del Estado; Secretar\u00eda de Desarrollo Social y Regional (SEDESORE), Instituto Potosino de Cultura F\u00edsica y Deporte; Secretar\u00eda de Turismo; Guardia Nacional; Doceava Zona Militar; Carlos Alberto Cordero Popoca, director general de la Carrera Panamericana; representantes del sector empresarial y ciudadan\u00eda en general.<\/p>\n","protected":false},"excerpt":{"rendered":"<p>Ante un p\u00fablico entusiasta, deportistas y autoridades estatales, la Alcaldesa de Soledad de Graciano S\u00e1nchez, Leonor Noyola Cervantes, junto al Gobernador del Estado, Ricardo Gallardo Cardona, dio el banderazo de salida a los m\u00e1s de 80 autos cl\u00e1sicos que participan en la Carrera Panamericana 2023, la cual es liderada por &#8220;El Malditillo&#8221; que conduce el [&hellip;]<\/p>\n","protected":false},"author":2,"featured_media":6404,"comment_status":"open","ping_status":"open","sticky":false,"template":"","format":"standard","meta":{"footnotes":""},"categories":[30,1,24,21],"tags":[444,223,443,287,294,27],"class_list":{"0":"post-6403","1":"post","2":"type-post","3":"status-publish","4":"format-standard","5":"has-post-thumbnail","7":"category-de-la-region-centro","8":"category-destacadas","9":"category-informacion-general","10":"category-tu-soledad","11":"tag-autos","12":"tag-ayuntamiento-soledense","13":"tag-carrera-panamericana","14":"tag-nacional","15":"tag-san-luis","16":"tag-soledad"},"_links":{"self":[{"href":"https:\/\/cronicadesoledad.com\/index.php\/wp-json\/wp\/v2\/posts\/6403","targetHints":{"allow":["GET"]}}],"collection":[{"href":"https:\/\/cronicadesoledad.com\/index.php\/wp-json\/wp\/v2\/posts"}],"about":[{"href":"https:\/\/cronicadesoledad.com\/index.php\/wp-json\/wp\/v2\/types\/post"}],"author":[{"embeddable":true,"href":"https:\/\/cronicadesoledad.com\/index.php\/wp-json\/wp\/v2\/users\/2"}],"replies":[{"embeddable":true,"href":"https:\/\/cronicadesoledad.com\/index.php\/wp-json\/wp\/v2\/comments?post=6403"}],"version-history":[{"count":1,"href":"https:\/\/cronicadesoledad.com\/index.php\/wp-json\/wp\/v2\/posts\/6403\/revisions"}],"predecessor-version":[{"id":6405,"href":"https:\/\/cronicadesoledad.com\/index.php\/wp-json\/wp\/v2\/posts\/6403\/revisions\/6405"}],"wp:featuredmedia":[{"embeddable":true,"href":"https:\/\/cronicadesoledad.com\/index.php\/wp-json\/wp\/v2\/media\/6404"}],"wp:attachment":[{"href":"https:\/\/cronicadesoledad.com\/index.php\/wp-json\/wp\/v2\/media?parent=6403"}],"wp:term":[{"taxonomy":"category","embeddable":true,"href":"https:\/\/cronicadesoledad.com\/index.php\/wp-json\/wp\/v2\/categories?post=6403"},{"taxonomy":"post_tag","embeddable":true,"href":"https:\/\/cronicadesoledad.com\/index.php\/wp-json\/wp\/v2\/tags?post=6403"}],"curies":[{"name":"wp","href":"https:\/\/api.w.org\/{rel}","templated":true}]}}