{"id":6409,"date":"2023-10-18T21:00:00","date_gmt":"2023-10-19T03:00:00","guid":{"rendered":"https:\/\/cronicadesoledad.com\/?p=6409"},"modified":"2023-10-18T23:53:05","modified_gmt":"2023-10-19T05:53:05","slug":"mantienen-vigilancia-por-fiestas-en-la-via-publica","status":"publish","type":"post","link":"https:\/\/cronicadesoledad.com\/index.php\/2023\/10\/18\/mantienen-vigilancia-por-fiestas-en-la-via-publica\/","title":{"rendered":"Mantienen vigilancia por fiestas en la v\u00eda p\u00fablica"},"content":{"rendered":"\n<p>Con el objetivo de prevenir da\u00f1os a la propiedad, ri\u00f1as e incluso actos que pongan en riesgo la vida de ciudadanos, adem\u00e1s de mantener el libre tr\u00e1nsito en las vialidades, el Director General de Seguridad P\u00fablica de Soledad de Graciano S\u00e1nchez, comisario H\u00e9ctor Edgar Mar del \u00c1ngel, asegur\u00f3 que est\u00e1n prohibidos los bailes callejeros de forma permanente en toda la demarcaci\u00f3n.<\/p>\n\n\n\n<p>De acuerdo con el comisario Mar del \u00c1ngel, este dispositivo espec\u00edfico para cancelar eventos en la v\u00eda p\u00fablica es permanente y se reforzar\u00e1 con motivo de la celebraci\u00f3n a San Judas Tadeo y Dia de Muertos, adem\u00e1s de que en las l\u00edneas de emergencia directas de la corporaci\u00f3n municipal y a trav\u00e9s del 911, se reciben reportes ciudadanos para desactivar este tipo de festejos.<\/p>\n\n\n\n<p>&#8220;No est\u00e1n permitidos los bailes callejeros para evitar incidencias o hechos delictivos que pueden ocurrir en eventos como estos, se sabe que en cada baile callejero que hac\u00edan en las colonias siempre terminaban en pleitos pandilleriles que ocasionaban da\u00f1os o incluso p\u00e9rdida de vidas, igual que el a\u00f1o pasado durante los festejos a San Judas no se van a permitir bailes, ni en las fiestas que hacen por el D\u00eda de Muertos&#8221;, asegur\u00f3 el mando municipal.<\/p>\n\n\n\n<p>El jefe policial subray\u00f3 que es competencia de Seguridad P\u00fablica cancelar este tipo de fiestas, que tambi\u00e9n impiden el libre tr\u00e1nsito y que pueden afectar el paso de ambulancias o cualquier otra autoridad que atiende a la poblaci\u00f3n en caso de una emergencia, pero tambi\u00e9n se cuenta con el apoyo de la Direcci\u00f3n de Comercio de Soledad ya que se ha detectado la venta de bebidas alcoh\u00f3licas y comida en estas fiestas.<\/p>\n\n\n\n<p>El Director de Seguridad P\u00fablica soledense dijo que de manera permanente se atienden reportes donde se llevan a cabo fiestas y bailes callejeros, y adem\u00e1s se trabaja de manera coordinada con la Polic\u00eda Cibern\u00e9tica, que en su monitoreo detecta publicaciones en redes sociales en las que se invita a este tipo de eventos, que, aunque sean familiares terminan por reunir a un n\u00famero importante de personas.<\/p>\n\n\n\n<p>&#8220;No permitimos ni fiestas de 15 a\u00f1os, bodas o bautismos en la v\u00eda p\u00fablica, porque aunque sean festejos familiares sabemos que de 60 Personas que tienen contemplado llega toda la colonia y no hay ning\u00fan tipo de permiso ni por parte del municipio, ni por parte de esta instituci\u00f3n en el que se autoricen eventos en la calle ni bailes en las colonias, tambi\u00e9n nos apoyamos con la Polic\u00eda Cibern\u00e9tica que nos informa alg\u00fan evento que se anuncia por redes sociales, nosotros de inmediato intervenimos y cancelamos&#8221;, mencion\u00f3 el comisario H\u00e9ctor Mar del \u00c1ngel.<\/p>\n\n\n\n<p>Finalmente, el mando policial brind\u00f3 los n\u00fameros de emergencia directos de la corporaci\u00f3n para reportar fiestas y bailes callejeros, 4448547807 y 4448547808, de la comandancia central en Pav\u00f3n; 4441131451, de la comandancia Diamante en la colonia Rivas Guill\u00e9n; 4442897141, de la comandancia Grecia en la colonia Morelos; 4441797012, de la comandancia Torre en la colonia San Luis 1; y al 444854 7808, de la Direcci\u00f3n de Tr\u00e1nsito y Polic\u00eda Vial.<\/p>\n","protected":false},"excerpt":{"rendered":"<p>Con el objetivo de prevenir da\u00f1os a la propiedad, ri\u00f1as e incluso actos que pongan en riesgo la vida de ciudadanos, adem\u00e1s de mantener el libre tr\u00e1nsito en las vialidades, el Director General de Seguridad P\u00fablica de Soledad de Graciano S\u00e1nchez, comisario H\u00e9ctor Edgar Mar del \u00c1ngel, asegur\u00f3 que est\u00e1n prohibidos los bailes callejeros de [&hellip;]<\/p>\n","protected":false},"author":2,"featured_media":6410,"comment_status":"open","ping_status":"open","sticky":false,"template":"","format":"standard","meta":{"footnotes":""},"categories":[30,1,24,19,21],"tags":[223,294,27,449,447],"class_list":{"0":"post-6409","1":"post","2":"type-post","3":"status-publish","4":"format-standard","5":"has-post-thumbnail","7":"category-de-la-region-centro","8":"category-destacadas","9":"category-informacion-general","10":"category-seguridad","11":"category-tu-soledad","12":"tag-ayuntamiento-soledense","13":"tag-san-luis","14":"tag-soledad","15":"tag-via-publica","16":"tag-vigilancia"},"_links":{"self":[{"href":"https:\/\/cronicadesoledad.com\/index.php\/wp-json\/wp\/v2\/posts\/6409","targetHints":{"allow":["GET"]}}],"collection":[{"href":"https:\/\/cronicadesoledad.com\/index.php\/wp-json\/wp\/v2\/posts"}],"about":[{"href":"https:\/\/cronicadesoledad.com\/index.php\/wp-json\/wp\/v2\/types\/post"}],"author":[{"embeddable":true,"href":"https:\/\/cronicadesoledad.com\/index.php\/wp-json\/wp\/v2\/users\/2"}],"replies":[{"embeddable":true,"href":"https:\/\/cronicadesoledad.com\/index.php\/wp-json\/wp\/v2\/comments?post=6409"}],"version-history":[{"count":1,"href":"https:\/\/cronicadesoledad.com\/index.php\/wp-json\/wp\/v2\/posts\/6409\/revisions"}],"predecessor-version":[{"id":6411,"href":"https:\/\/cronicadesoledad.com\/index.php\/wp-json\/wp\/v2\/posts\/6409\/revisions\/6411"}],"wp:featuredmedia":[{"embeddable":true,"href":"https:\/\/cronicadesoledad.com\/index.php\/wp-json\/wp\/v2\/media\/6410"}],"wp:attachment":[{"href":"https:\/\/cronicadesoledad.com\/index.php\/wp-json\/wp\/v2\/media?parent=6409"}],"wp:term":[{"taxonomy":"category","embeddable":true,"href":"https:\/\/cronicadesoledad.com\/index.php\/wp-json\/wp\/v2\/categories?post=6409"},{"taxonomy":"post_tag","embeddable":true,"href":"https:\/\/cronicadesoledad.com\/index.php\/wp-json\/wp\/v2\/tags?post=6409"}],"curies":[{"name":"wp","href":"https:\/\/api.w.org\/{rel}","templated":true}]}}