{"id":6412,"date":"2023-10-18T21:30:00","date_gmt":"2023-10-19T03:30:00","guid":{"rendered":"https:\/\/cronicadesoledad.com\/?p=6412"},"modified":"2023-10-18T23:55:20","modified_gmt":"2023-10-19T05:55:20","slug":"dif-soledense-realizo-feria-de-la-salud","status":"publish","type":"post","link":"https:\/\/cronicadesoledad.com\/index.php\/2023\/10\/18\/dif-soledense-realizo-feria-de-la-salud\/","title":{"rendered":"DIF soledense realiz\u00f3 Feria de la Salud"},"content":{"rendered":"\n<p>En un esfuerzo que tiene como objetivo concientizar a la comunidad sobre la importancia de la prevenci\u00f3n y detecci\u00f3n temprana de enfermedades, el Sistema Municipal para el Desarrollo Integral de la Familia (SMDIF) realiz\u00f3 en sus instalaciones la \u201cFeria de la Salud\u201d, donde mujeres soledenses se dieron cita para recibir diferentes servicios m\u00e9dicos y promover el cuidado m\u00e9dico especializado.<\/p>\n\n\n\n<p>Durante el evento, la Alcaldesa de Soledad de Graciano S\u00e1nchez, Leonor Noyola Cervantes comparti\u00f3 un mensaje a las asistentes a quienes llam\u00f3 a dejar \u201cla pena atr\u00e1s y practicarse los ex\u00e1menes requeridos para mantenerse saludables; agradezco est\u00e1 invitaci\u00f3n, es una reuni\u00f3n muy importante, hay muchas mujeres que por desconocimiento o pena no nos practicamos los ex\u00e1menes m\u00e9dicos que necesitamos, pero las invito a que se acerquen&nbsp; a las instituciones de salud y aprovechen las facilidades que hoy se nos ofrecen&#8221;.<\/p>\n\n\n\n<p>Por su parte, Mar\u00eda del Pilar Cardona Reyna, presidenta del SMDIF se\u00f1al\u00f3 que este tipo de iniciativas son de gran ayuda para las mujeres soledenses; exhort\u00f3 a las asistentes a que transmitan la informaci\u00f3n que les fue proporcionada en las conferencias a fin de que crezca la poblaci\u00f3n informada y se detecte a tiempo cualquier padecimiento que pueda poner en riesgo la integridad de las mujeres.<\/p>\n\n\n\n<p>Durante esta Feria, se puso a disposici\u00f3n de las y los asistentes una amplia variedad de informaci\u00f3n sobre diversos temas de salud, proporcionada por profesionales especializados, y en donde las y los visitantes tuvieron la oportunidad de obtener respuestas a sus preguntas y aclarar sus dudas sobre temas m\u00e9dicos.<\/p>\n\n\n\n<p>Adem\u00e1s de la orientaci\u00f3n, se ofrecieron diversos servicios m\u00e9dicos: la realizaci\u00f3n de estudios de mastograf\u00eda y pruebas de Papanicolaou, los cuales son fundamentales para la detecci\u00f3n temprana del c\u00e1ncer de mama y el c\u00e1ncer cervicouterino, respectivamente; por ello la Feria de la Salud brind\u00f3 a las mujeres la oportunidad de realizar estos estudios de manera gratuita, fomentando as\u00ed la prevenci\u00f3n y el cuidado de su salud.<\/p>\n\n\n\n<p>Otro aspecto importante que se destac\u00f3 fue la vacunaci\u00f3n, en donde las y los participantes tuvieron la oportunidad de recibir la vacuna contra el neumococo e influenza. Adem\u00e1s, una de las actividades principales fue la pl\u00e1tica informativa impartida por el m\u00e9dico ginec\u00f3logo y especialista, Gilberto Olivares Vargas, quien destac\u00f3 la importancia de la concientizaci\u00f3n y la detecci\u00f3n temprana de enfermedades que puedan poner en riesgo la salud de las mujeres.<\/p>\n\n\n\n<p>Asimismo, durante el evento se llev\u00f3 a cabo la entrega mensual de pa\u00f1ales y becas econ\u00f3micas a las y los beneficiarios del programa que lleva a cabo el DIF Municipal de Soledad, una iniciativa tiene como objetivo ayudar a las personas en su movilidad y traslado, garantizando as\u00ed su bienestar y calidad de vida.<\/p>\n","protected":false},"excerpt":{"rendered":"<p>En un esfuerzo que tiene como objetivo concientizar a la comunidad sobre la importancia de la prevenci\u00f3n y detecci\u00f3n temprana de enfermedades, el Sistema Municipal para el Desarrollo Integral de la Familia (SMDIF) realiz\u00f3 en sus instalaciones la \u201cFeria de la Salud\u201d, donde mujeres soledenses se dieron cita para recibir diferentes servicios m\u00e9dicos y promover [&hellip;]<\/p>\n","protected":false},"author":2,"featured_media":6413,"comment_status":"open","ping_status":"open","sticky":false,"template":"","format":"standard","meta":{"footnotes":""},"categories":[30,1,24,21],"tags":[81,223,427,450,29,269,294,27],"class_list":{"0":"post-6412","1":"post","2":"type-post","3":"status-publish","4":"format-standard","5":"has-post-thumbnail","7":"category-de-la-region-centro","8":"category-destacadas","9":"category-informacion-general","10":"category-tu-soledad","11":"tag-alcaldesa-soledense","12":"tag-ayuntamiento-soledense","13":"tag-dif-soledense","14":"tag-feria-de-la-salud","15":"tag-leonor-noyola","16":"tag-salud","17":"tag-san-luis","18":"tag-soledad"},"_links":{"self":[{"href":"https:\/\/cronicadesoledad.com\/index.php\/wp-json\/wp\/v2\/posts\/6412","targetHints":{"allow":["GET"]}}],"collection":[{"href":"https:\/\/cronicadesoledad.com\/index.php\/wp-json\/wp\/v2\/posts"}],"about":[{"href":"https:\/\/cronicadesoledad.com\/index.php\/wp-json\/wp\/v2\/types\/post"}],"author":[{"embeddable":true,"href":"https:\/\/cronicadesoledad.com\/index.php\/wp-json\/wp\/v2\/users\/2"}],"replies":[{"embeddable":true,"href":"https:\/\/cronicadesoledad.com\/index.php\/wp-json\/wp\/v2\/comments?post=6412"}],"version-history":[{"count":1,"href":"https:\/\/cronicadesoledad.com\/index.php\/wp-json\/wp\/v2\/posts\/6412\/revisions"}],"predecessor-version":[{"id":6414,"href":"https:\/\/cronicadesoledad.com\/index.php\/wp-json\/wp\/v2\/posts\/6412\/revisions\/6414"}],"wp:featuredmedia":[{"embeddable":true,"href":"https:\/\/cronicadesoledad.com\/index.php\/wp-json\/wp\/v2\/media\/6413"}],"wp:attachment":[{"href":"https:\/\/cronicadesoledad.com\/index.php\/wp-json\/wp\/v2\/media?parent=6412"}],"wp:term":[{"taxonomy":"category","embeddable":true,"href":"https:\/\/cronicadesoledad.com\/index.php\/wp-json\/wp\/v2\/categories?post=6412"},{"taxonomy":"post_tag","embeddable":true,"href":"https:\/\/cronicadesoledad.com\/index.php\/wp-json\/wp\/v2\/tags?post=6412"}],"curies":[{"name":"wp","href":"https:\/\/api.w.org\/{rel}","templated":true}]}}