{"id":6418,"date":"2023-10-19T10:20:19","date_gmt":"2023-10-19T16:20:19","guid":{"rendered":"https:\/\/cronicadesoledad.com\/?p=6418"},"modified":"2023-10-19T10:20:20","modified_gmt":"2023-10-19T16:20:20","slug":"trabajadores-del-poder-judicial-inician-paro-nacional","status":"publish","type":"post","link":"https:\/\/cronicadesoledad.com\/index.php\/2023\/10\/19\/trabajadores-del-poder-judicial-inician-paro-nacional\/","title":{"rendered":"Trabajadores del Poder Judicial inician paro nacional"},"content":{"rendered":"\n<p>Anunciaron paro nacional hasta el 24 de octubre.\u00a0<\/p>\n\n\n\n<p>Desde el d\u00eda de hoy hasta el pr\u00f3ximo martes 24 de octubre no habr\u00e1 actividades, anunci\u00f3&nbsp; el Sindicato de Trabajadores del Poder Judicial de la Federaci\u00f3n (STPJF). Tambi\u00e9n convocaron a una marcha nacional el pr\u00f3ximo domingo a las 11am desde el Monumento a la Revoluci\u00f3n hasta el Z\u00f3calo.&nbsp;<\/p>\n\n\n\n<p>Es la suspensi\u00f3n de labores&nbsp; del parte del Poder Judicial m\u00e1s larga de la que se tiene registro en los \u00faltimos a\u00f1os. Todos los \u00f3rganos parte del Poder Judicial se han encargado de dar aviso a sus trabajadores sobre esta decisi\u00f3n.&nbsp;<\/p>\n\n\n\n<p>&#8220;El STPJF decreta a tu favor paro nacional de actividades en todos los \u00f3rganos jurisdiccionales y \u00e1reas administrativas del Poder Judicial del 19 al 24 de octubre de 2023. Unidos contra las arbitrariedades contra nuestras prestaciones laborales\u201d&nbsp;<\/p>\n\n\n\n<p>Poco a poco se pone m\u00e1s tensa la situaci\u00f3n del Poder Judicial con el Poder Ejecutivo y Legislativo, le seguiremos manteniendo informado sobre estos sucesos.&nbsp;<\/p>\n","protected":false},"excerpt":{"rendered":"<p>Anunciaron paro nacional hasta el 24 de octubre.\u00a0 Desde el d\u00eda de hoy hasta el pr\u00f3ximo martes 24 de octubre no habr\u00e1 actividades, anunci\u00f3&nbsp; el Sindicato de Trabajadores del Poder Judicial de la Federaci\u00f3n (STPJF). Tambi\u00e9n convocaron a una marcha nacional el pr\u00f3ximo domingo a las 11am desde el Monumento a la Revoluci\u00f3n hasta el [&hellip;]<\/p>\n","protected":false},"author":6,"featured_media":6419,"comment_status":"open","ping_status":"open","sticky":false,"template":"","format":"standard","meta":{"footnotes":""},"categories":[30,1,24],"tags":[287,452,419,420,294],"class_list":{"0":"post-6418","1":"post","2":"type-post","3":"status-publish","4":"format-standard","5":"has-post-thumbnail","7":"category-de-la-region-centro","8":"category-destacadas","9":"category-informacion-general","10":"tag-nacional","11":"tag-paro-poder-judicial","12":"tag-poder-judicial","13":"tag-protestas-poder-judicial","14":"tag-san-luis"},"_links":{"self":[{"href":"https:\/\/cronicadesoledad.com\/index.php\/wp-json\/wp\/v2\/posts\/6418","targetHints":{"allow":["GET"]}}],"collection":[{"href":"https:\/\/cronicadesoledad.com\/index.php\/wp-json\/wp\/v2\/posts"}],"about":[{"href":"https:\/\/cronicadesoledad.com\/index.php\/wp-json\/wp\/v2\/types\/post"}],"author":[{"embeddable":true,"href":"https:\/\/cronicadesoledad.com\/index.php\/wp-json\/wp\/v2\/users\/6"}],"replies":[{"embeddable":true,"href":"https:\/\/cronicadesoledad.com\/index.php\/wp-json\/wp\/v2\/comments?post=6418"}],"version-history":[{"count":1,"href":"https:\/\/cronicadesoledad.com\/index.php\/wp-json\/wp\/v2\/posts\/6418\/revisions"}],"predecessor-version":[{"id":6420,"href":"https:\/\/cronicadesoledad.com\/index.php\/wp-json\/wp\/v2\/posts\/6418\/revisions\/6420"}],"wp:featuredmedia":[{"embeddable":true,"href":"https:\/\/cronicadesoledad.com\/index.php\/wp-json\/wp\/v2\/media\/6419"}],"wp:attachment":[{"href":"https:\/\/cronicadesoledad.com\/index.php\/wp-json\/wp\/v2\/media?parent=6418"}],"wp:term":[{"taxonomy":"category","embeddable":true,"href":"https:\/\/cronicadesoledad.com\/index.php\/wp-json\/wp\/v2\/categories?post=6418"},{"taxonomy":"post_tag","embeddable":true,"href":"https:\/\/cronicadesoledad.com\/index.php\/wp-json\/wp\/v2\/tags?post=6418"}],"curies":[{"name":"wp","href":"https:\/\/api.w.org\/{rel}","templated":true}]}}