{"id":6421,"date":"2023-10-19T10:48:56","date_gmt":"2023-10-19T16:48:56","guid":{"rendered":"https:\/\/cronicadesoledad.com\/?p=6421"},"modified":"2023-10-19T10:48:57","modified_gmt":"2023-10-19T16:48:57","slug":"autoridades-vigilaran-festejos-de-san-judas-tadeo","status":"publish","type":"post","link":"https:\/\/cronicadesoledad.com\/index.php\/2023\/10\/19\/autoridades-vigilaran-festejos-de-san-judas-tadeo\/","title":{"rendered":"Autoridades vigilar\u00e1n festejos de San Judas Tadeo"},"content":{"rendered":"\n<p>Es parte de un operativo permanente que busca eliminar eventos en la v\u00eda p\u00fablica.<\/p>\n\n\n\n<p>El operativo estar\u00e1 vigente durante las celebraciones de San Judas Tadeo y d\u00eda de muertos. Buscan prevenir ataques, ri\u00f1as, da\u00f1o a la propiedad y tener las v\u00edas libres para la circulaci\u00f3n de veh\u00edculos.&nbsp;<\/p>\n\n\n\n<p>El director general de Seguridad P\u00fablica de Soledad de Graciano S\u00e1nchez, H\u00e9ctor Edgar Mar del \u00c1ngel, confirmo que los bailes callejeros est\u00e1n prohibidos de forma permanente dentro de Soledad. Por ello, se mantendr\u00e1 la vigilancia durante estas festividades para detectara cualquier actividad inusual.&nbsp;<\/p>\n\n\n\n<p>Actualmente el operativo es complementado por la polic\u00eda cibern\u00e9tica, en busca de publicaciones que anuncien este tipo de eventos callejeros. Se busca prevenir, accidentes, delitos y mantener libres las v\u00edas para el tr\u00e1nsito local o incluso para ambulancias.&nbsp;<\/p>\n\n\n\n<p>Para estos d\u00edas de fiesta la l\u00ednea del 911 estar\u00e1 activa para cualquier situaci\u00f3n. El n\u00famero para reportar fiestas y bailes en la calle es 4448547807.&nbsp;<\/p>\n","protected":false},"excerpt":{"rendered":"<p>Es parte de un operativo permanente que busca eliminar eventos en la v\u00eda p\u00fablica. El operativo estar\u00e1 vigente durante las celebraciones de San Judas Tadeo y d\u00eda de muertos. Buscan prevenir ataques, ri\u00f1as, da\u00f1o a la propiedad y tener las v\u00edas libres para la circulaci\u00f3n de veh\u00edculos.&nbsp; El director general de Seguridad P\u00fablica de Soledad [&hellip;]<\/p>\n","protected":false},"author":6,"featured_media":6422,"comment_status":"open","ping_status":"open","sticky":false,"template":"","format":"standard","meta":{"footnotes":""},"categories":[1,24,19,21],"tags":[223,453,276,236,27],"class_list":{"0":"post-6421","1":"post","2":"type-post","3":"status-publish","4":"format-standard","5":"has-post-thumbnail","7":"category-destacadas","8":"category-informacion-general","9":"category-seguridad","10":"category-tu-soledad","11":"tag-ayuntamiento-soledense","12":"tag-festejos-san-judas-tadeo","13":"tag-seguridad","14":"tag-seguridad-de-soledad","15":"tag-soledad"},"_links":{"self":[{"href":"https:\/\/cronicadesoledad.com\/index.php\/wp-json\/wp\/v2\/posts\/6421","targetHints":{"allow":["GET"]}}],"collection":[{"href":"https:\/\/cronicadesoledad.com\/index.php\/wp-json\/wp\/v2\/posts"}],"about":[{"href":"https:\/\/cronicadesoledad.com\/index.php\/wp-json\/wp\/v2\/types\/post"}],"author":[{"embeddable":true,"href":"https:\/\/cronicadesoledad.com\/index.php\/wp-json\/wp\/v2\/users\/6"}],"replies":[{"embeddable":true,"href":"https:\/\/cronicadesoledad.com\/index.php\/wp-json\/wp\/v2\/comments?post=6421"}],"version-history":[{"count":1,"href":"https:\/\/cronicadesoledad.com\/index.php\/wp-json\/wp\/v2\/posts\/6421\/revisions"}],"predecessor-version":[{"id":6423,"href":"https:\/\/cronicadesoledad.com\/index.php\/wp-json\/wp\/v2\/posts\/6421\/revisions\/6423"}],"wp:featuredmedia":[{"embeddable":true,"href":"https:\/\/cronicadesoledad.com\/index.php\/wp-json\/wp\/v2\/media\/6422"}],"wp:attachment":[{"href":"https:\/\/cronicadesoledad.com\/index.php\/wp-json\/wp\/v2\/media?parent=6421"}],"wp:term":[{"taxonomy":"category","embeddable":true,"href":"https:\/\/cronicadesoledad.com\/index.php\/wp-json\/wp\/v2\/categories?post=6421"},{"taxonomy":"post_tag","embeddable":true,"href":"https:\/\/cronicadesoledad.com\/index.php\/wp-json\/wp\/v2\/tags?post=6421"}],"curies":[{"name":"wp","href":"https:\/\/api.w.org\/{rel}","templated":true}]}}