{"id":6427,"date":"2023-10-19T18:47:53","date_gmt":"2023-10-20T00:47:53","guid":{"rendered":"https:\/\/cronicadesoledad.com\/?p=6427"},"modified":"2023-10-19T18:47:53","modified_gmt":"2023-10-20T00:47:53","slug":"san-luis-capital-lider-turistico-internacional","status":"publish","type":"post","link":"https:\/\/cronicadesoledad.com\/index.php\/2023\/10\/19\/san-luis-capital-lider-turistico-internacional\/","title":{"rendered":"San Luis Capital l\u00edder Tur\u00edstico Internacional"},"content":{"rendered":"\n<h2 class=\"wp-block-heading\">La Capital cuenta con cinco premios mundiales y tres nacionales.\u00a0<\/h2>\n\n\n\n<p>&nbsp;Claudia Lorena Peralta Antiga, Directora de Turismo Municipal, resalt\u00f3 los cinco premios mundiales que ha obtenido San Luis Capital en el \u00e1mbito tur\u00edstico: Pasaporte Abierto como Destino Tur\u00edstico Responsable; ISTO Awards a Autoridades P\u00fablicas; Pasaporte Abierto como Mejor Medio especializado; Gran Premio Pasaporte Abierto; y Premio Pasaporte Abierto a la Mejor Experiencia Tur\u00edstica.<\/p>\n\n\n\n<p>En medio del evento de presentaci\u00f3n de resultados, tambi\u00e9n se destac\u00f3 que la Capital fue locaci\u00f3n de diferentes filmaciones, entre ellas: Un mill\u00f3n de millas; Gallo de Oro; Pedro P\u00e1ramo; Se llamaba Pedro Infante; Bioserie de Mar\u00eda F\u00e9lix.&nbsp;<\/p>\n\n\n\n<p>Adem\u00e1s, se\u00f1alaron que la dependencia es un \u201cAgente Capacitado Externo\u201d, avalado por la Secretar\u00eda del Trabajo y la Secretar\u00eda de Turismo Federal, con m\u00e1s de dos mil personas capacitadas, 701 cursos y 500 horas de capacitaci\u00f3n.&nbsp;<\/p>\n\n\n\n<p>En \u00faltimo punto, se destac\u00f3 el trabajo de la dependencia en cuanto a temas de inclusi\u00f3n, se continuaron las revisiones de accesibilidad, utilizaci\u00f3n de chalecos sensoriales en distintos eventos, actividades con Experiencias Inclusivas y el apoyo a talleres de baile y Lengua de Se\u00f1as Mexicana.&nbsp;<\/p>\n","protected":false},"excerpt":{"rendered":"<p>La Capital cuenta con cinco premios mundiales y tres nacionales.\u00a0 &nbsp;Claudia Lorena Peralta Antiga, Directora de Turismo Municipal, resalt\u00f3 los cinco premios mundiales que ha obtenido San Luis Capital en el \u00e1mbito tur\u00edstico: Pasaporte Abierto como Destino Tur\u00edstico Responsable; ISTO Awards a Autoridades P\u00fablicas; Pasaporte Abierto como Mejor Medio especializado; Gran Premio Pasaporte Abierto; y [&hellip;]<\/p>\n","protected":false},"author":6,"featured_media":6428,"comment_status":"open","ping_status":"open","sticky":false,"template":"","format":"standard","meta":{"footnotes":""},"categories":[30,1,24],"tags":[288,287,294,370,459,458],"class_list":{"0":"post-6427","1":"post","2":"type-post","3":"status-publish","4":"format-standard","5":"has-post-thumbnail","7":"category-de-la-region-centro","8":"category-destacadas","9":"category-informacion-general","10":"tag-internacional","11":"tag-nacional","12":"tag-san-luis","13":"tag-turismo","14":"tag-turismo-municipal-slp","15":"tag-turismo-slp"},"_links":{"self":[{"href":"https:\/\/cronicadesoledad.com\/index.php\/wp-json\/wp\/v2\/posts\/6427","targetHints":{"allow":["GET"]}}],"collection":[{"href":"https:\/\/cronicadesoledad.com\/index.php\/wp-json\/wp\/v2\/posts"}],"about":[{"href":"https:\/\/cronicadesoledad.com\/index.php\/wp-json\/wp\/v2\/types\/post"}],"author":[{"embeddable":true,"href":"https:\/\/cronicadesoledad.com\/index.php\/wp-json\/wp\/v2\/users\/6"}],"replies":[{"embeddable":true,"href":"https:\/\/cronicadesoledad.com\/index.php\/wp-json\/wp\/v2\/comments?post=6427"}],"version-history":[{"count":1,"href":"https:\/\/cronicadesoledad.com\/index.php\/wp-json\/wp\/v2\/posts\/6427\/revisions"}],"predecessor-version":[{"id":6429,"href":"https:\/\/cronicadesoledad.com\/index.php\/wp-json\/wp\/v2\/posts\/6427\/revisions\/6429"}],"wp:featuredmedia":[{"embeddable":true,"href":"https:\/\/cronicadesoledad.com\/index.php\/wp-json\/wp\/v2\/media\/6428"}],"wp:attachment":[{"href":"https:\/\/cronicadesoledad.com\/index.php\/wp-json\/wp\/v2\/media?parent=6427"}],"wp:term":[{"taxonomy":"category","embeddable":true,"href":"https:\/\/cronicadesoledad.com\/index.php\/wp-json\/wp\/v2\/categories?post=6427"},{"taxonomy":"post_tag","embeddable":true,"href":"https:\/\/cronicadesoledad.com\/index.php\/wp-json\/wp\/v2\/tags?post=6427"}],"curies":[{"name":"wp","href":"https:\/\/api.w.org\/{rel}","templated":true}]}}