{"id":6447,"date":"2023-10-20T11:58:06","date_gmt":"2023-10-20T17:58:06","guid":{"rendered":"https:\/\/cronicadesoledad.com\/?p=6447"},"modified":"2023-10-20T11:58:06","modified_gmt":"2023-10-20T17:58:06","slug":"el-museo-leonora-carrington-festeja-5-aniversario","status":"publish","type":"post","link":"https:\/\/cronicadesoledad.com\/index.php\/2023\/10\/20\/el-museo-leonora-carrington-festeja-5-aniversario\/","title":{"rendered":"El Museo Leonora Carrington festeja 5\u00b0 aniversario"},"content":{"rendered":"\n<p>Celebrar\u00e1n con actividades culturales gratuitas. <\/p>\n\n\n\n<p>En el marco de las celebraciones por el quinto aniversario del Museo Leonora Carrington, la Secretaria de Cultura invita a la poblaci\u00f3n a participar en las actividades culturales que se tienen planeadas.&nbsp;<\/p>\n\n\n\n<p>La inauguraci\u00f3n de los festejos se llev\u00f3 a cabo ayer con la exposici\u00f3n \u201cOneira\u201d de Celeste Lomel\u00ed. Las actividades finalizar\u00e1n el 27 de octubre con la presentaci\u00f3n de la compa\u00f1\u00eda danc\u00edstica Xhcontempor\u00e1nea.&nbsp;<\/p>\n\n\n\n<p>Las actividades son abiertas al p\u00fablico y totalmente gratuitas, puedes encontrar m\u00e1s informaci\u00f3n en sus redes sociales MLC Xilitla o en las del centro de las Artes SLP.&nbsp;<\/p>\n\n\n\n<figure class=\"wp-block-gallery has-nested-images columns-default is-cropped wp-block-gallery-1 is-layout-flex wp-block-gallery-is-layout-flex\">\n<figure class=\"wp-block-image size-large\"><img loading=\"lazy\" decoding=\"async\" width=\"819\" height=\"1024\" data-id=\"6449\" src=\"https:\/\/cronicadesoledad.com\/wp-content\/uploads\/2023\/10\/5-aniv-MLC-Xilitla-programacion_Banda-Sinfonica-1-819x1024.jpg\" alt=\"\" class=\"wp-image-6449\" srcset=\"https:\/\/cronicadesoledad.com\/wp-content\/uploads\/2023\/10\/5-aniv-MLC-Xilitla-programacion_Banda-Sinfonica-1-819x1024.jpg 819w, https:\/\/cronicadesoledad.com\/wp-content\/uploads\/2023\/10\/5-aniv-MLC-Xilitla-programacion_Banda-Sinfonica-1-240x300.jpg 240w, https:\/\/cronicadesoledad.com\/wp-content\/uploads\/2023\/10\/5-aniv-MLC-Xilitla-programacion_Banda-Sinfonica-1-768x960.jpg 768w, https:\/\/cronicadesoledad.com\/wp-content\/uploads\/2023\/10\/5-aniv-MLC-Xilitla-programacion_Banda-Sinfonica-1-1229x1536.jpg 1229w, https:\/\/cronicadesoledad.com\/wp-content\/uploads\/2023\/10\/5-aniv-MLC-Xilitla-programacion_Banda-Sinfonica-1-1639x2048.jpg 1639w, https:\/\/cronicadesoledad.com\/wp-content\/uploads\/2023\/10\/5-aniv-MLC-Xilitla-programacion_Banda-Sinfonica-1-696x870.jpg 696w, https:\/\/cronicadesoledad.com\/wp-content\/uploads\/2023\/10\/5-aniv-MLC-Xilitla-programacion_Banda-Sinfonica-1-1068x1335.jpg 1068w, https:\/\/cronicadesoledad.com\/wp-content\/uploads\/2023\/10\/5-aniv-MLC-Xilitla-programacion_Banda-Sinfonica-1-1920x2399.jpg 1920w\" sizes=\"auto, (max-width: 819px) 100vw, 819px\" \/><\/figure>\n\n\n\n<figure class=\"wp-block-image size-large\"><img loading=\"lazy\" decoding=\"async\" width=\"819\" height=\"1024\" data-id=\"6450\" src=\"https:\/\/cronicadesoledad.com\/wp-content\/uploads\/2023\/10\/5-aniv-MLC-Xilitla-programacion_Oneira-819x1024.jpg\" alt=\"\" class=\"wp-image-6450\" srcset=\"https:\/\/cronicadesoledad.com\/wp-content\/uploads\/2023\/10\/5-aniv-MLC-Xilitla-programacion_Oneira-819x1024.jpg 819w, https:\/\/cronicadesoledad.com\/wp-content\/uploads\/2023\/10\/5-aniv-MLC-Xilitla-programacion_Oneira-240x300.jpg 240w, https:\/\/cronicadesoledad.com\/wp-content\/uploads\/2023\/10\/5-aniv-MLC-Xilitla-programacion_Oneira-768x960.jpg 768w, https:\/\/cronicadesoledad.com\/wp-content\/uploads\/2023\/10\/5-aniv-MLC-Xilitla-programacion_Oneira-1229x1536.jpg 1229w, https:\/\/cronicadesoledad.com\/wp-content\/uploads\/2023\/10\/5-aniv-MLC-Xilitla-programacion_Oneira-1639x2048.jpg 1639w, https:\/\/cronicadesoledad.com\/wp-content\/uploads\/2023\/10\/5-aniv-MLC-Xilitla-programacion_Oneira-696x870.jpg 696w, https:\/\/cronicadesoledad.com\/wp-content\/uploads\/2023\/10\/5-aniv-MLC-Xilitla-programacion_Oneira-1068x1335.jpg 1068w, https:\/\/cronicadesoledad.com\/wp-content\/uploads\/2023\/10\/5-aniv-MLC-Xilitla-programacion_Oneira-1920x2399.jpg 1920w\" sizes=\"auto, (max-width: 819px) 100vw, 819px\" \/><\/figure>\n\n\n\n<figure class=\"wp-block-image size-large\"><img loading=\"lazy\" decoding=\"async\" width=\"819\" height=\"1024\" data-id=\"6452\" src=\"https:\/\/cronicadesoledad.com\/wp-content\/uploads\/2023\/10\/5-aniv-MLC-Xilitla-programacion_Performance-819x1024.jpg\" alt=\"\" class=\"wp-image-6452\" srcset=\"https:\/\/cronicadesoledad.com\/wp-content\/uploads\/2023\/10\/5-aniv-MLC-Xilitla-programacion_Performance-819x1024.jpg 819w, https:\/\/cronicadesoledad.com\/wp-content\/uploads\/2023\/10\/5-aniv-MLC-Xilitla-programacion_Performance-240x300.jpg 240w, https:\/\/cronicadesoledad.com\/wp-content\/uploads\/2023\/10\/5-aniv-MLC-Xilitla-programacion_Performance-768x960.jpg 768w, https:\/\/cronicadesoledad.com\/wp-content\/uploads\/2023\/10\/5-aniv-MLC-Xilitla-programacion_Performance-1229x1536.jpg 1229w, https:\/\/cronicadesoledad.com\/wp-content\/uploads\/2023\/10\/5-aniv-MLC-Xilitla-programacion_Performance-1639x2048.jpg 1639w, https:\/\/cronicadesoledad.com\/wp-content\/uploads\/2023\/10\/5-aniv-MLC-Xilitla-programacion_Performance-696x870.jpg 696w, https:\/\/cronicadesoledad.com\/wp-content\/uploads\/2023\/10\/5-aniv-MLC-Xilitla-programacion_Performance-1068x1335.jpg 1068w, https:\/\/cronicadesoledad.com\/wp-content\/uploads\/2023\/10\/5-aniv-MLC-Xilitla-programacion_Performance-1920x2399.jpg 1920w\" sizes=\"auto, (max-width: 819px) 100vw, 819px\" \/><\/figure>\n\n\n\n<figure class=\"wp-block-image size-large\"><img loading=\"lazy\" decoding=\"async\" width=\"819\" height=\"1024\" data-id=\"6451\" src=\"https:\/\/cronicadesoledad.com\/wp-content\/uploads\/2023\/10\/5-aniv-MLC-Xilitla-programacion_Proyeccion-819x1024.jpg\" alt=\"\" class=\"wp-image-6451\" srcset=\"https:\/\/cronicadesoledad.com\/wp-content\/uploads\/2023\/10\/5-aniv-MLC-Xilitla-programacion_Proyeccion-819x1024.jpg 819w, https:\/\/cronicadesoledad.com\/wp-content\/uploads\/2023\/10\/5-aniv-MLC-Xilitla-programacion_Proyeccion-240x300.jpg 240w, https:\/\/cronicadesoledad.com\/wp-content\/uploads\/2023\/10\/5-aniv-MLC-Xilitla-programacion_Proyeccion-768x960.jpg 768w, https:\/\/cronicadesoledad.com\/wp-content\/uploads\/2023\/10\/5-aniv-MLC-Xilitla-programacion_Proyeccion-1229x1536.jpg 1229w, https:\/\/cronicadesoledad.com\/wp-content\/uploads\/2023\/10\/5-aniv-MLC-Xilitla-programacion_Proyeccion-1639x2048.jpg 1639w, https:\/\/cronicadesoledad.com\/wp-content\/uploads\/2023\/10\/5-aniv-MLC-Xilitla-programacion_Proyeccion-696x870.jpg 696w, https:\/\/cronicadesoledad.com\/wp-content\/uploads\/2023\/10\/5-aniv-MLC-Xilitla-programacion_Proyeccion-1068x1335.jpg 1068w, https:\/\/cronicadesoledad.com\/wp-content\/uploads\/2023\/10\/5-aniv-MLC-Xilitla-programacion_Proyeccion-1920x2399.jpg 1920w\" sizes=\"auto, (max-width: 819px) 100vw, 819px\" \/><\/figure>\n<\/figure>\n","protected":false},"excerpt":{"rendered":"<p>Celebrar\u00e1n con actividades culturales gratuitas. En el marco de las celebraciones por el quinto aniversario del Museo Leonora Carrington, la Secretaria de Cultura invita a la poblaci\u00f3n a participar en las actividades culturales que se tienen planeadas.&nbsp; La inauguraci\u00f3n de los festejos se llev\u00f3 a cabo ayer con la exposici\u00f3n \u201cOneira\u201d de Celeste Lomel\u00ed. Las [&hellip;]<\/p>\n","protected":false},"author":6,"featured_media":6454,"comment_status":"open","ping_status":"open","sticky":false,"template":"","format":"standard","meta":{"footnotes":""},"categories":[1,24],"tags":[465,468,469,294,466],"class_list":{"0":"post-6447","1":"post","2":"type-post","3":"status-publish","4":"format-standard","5":"has-post-thumbnail","7":"category-destacadas","8":"category-informacion-general","9":"tag-huasteca","10":"tag-leonora-carrington","11":"tag-museos","12":"tag-san-luis","13":"tag-xilitla"},"_links":{"self":[{"href":"https:\/\/cronicadesoledad.com\/index.php\/wp-json\/wp\/v2\/posts\/6447","targetHints":{"allow":["GET"]}}],"collection":[{"href":"https:\/\/cronicadesoledad.com\/index.php\/wp-json\/wp\/v2\/posts"}],"about":[{"href":"https:\/\/cronicadesoledad.com\/index.php\/wp-json\/wp\/v2\/types\/post"}],"author":[{"embeddable":true,"href":"https:\/\/cronicadesoledad.com\/index.php\/wp-json\/wp\/v2\/users\/6"}],"replies":[{"embeddable":true,"href":"https:\/\/cronicadesoledad.com\/index.php\/wp-json\/wp\/v2\/comments?post=6447"}],"version-history":[{"count":1,"href":"https:\/\/cronicadesoledad.com\/index.php\/wp-json\/wp\/v2\/posts\/6447\/revisions"}],"predecessor-version":[{"id":6456,"href":"https:\/\/cronicadesoledad.com\/index.php\/wp-json\/wp\/v2\/posts\/6447\/revisions\/6456"}],"wp:featuredmedia":[{"embeddable":true,"href":"https:\/\/cronicadesoledad.com\/index.php\/wp-json\/wp\/v2\/media\/6454"}],"wp:attachment":[{"href":"https:\/\/cronicadesoledad.com\/index.php\/wp-json\/wp\/v2\/media?parent=6447"}],"wp:term":[{"taxonomy":"category","embeddable":true,"href":"https:\/\/cronicadesoledad.com\/index.php\/wp-json\/wp\/v2\/categories?post=6447"},{"taxonomy":"post_tag","embeddable":true,"href":"https:\/\/cronicadesoledad.com\/index.php\/wp-json\/wp\/v2\/tags?post=6447"}],"curies":[{"name":"wp","href":"https:\/\/api.w.org\/{rel}","templated":true}]}}