{"id":6458,"date":"2023-10-20T13:04:29","date_gmt":"2023-10-20T19:04:29","guid":{"rendered":"https:\/\/cronicadesoledad.com\/?p=6458"},"modified":"2023-10-20T13:04:29","modified_gmt":"2023-10-20T19:04:29","slug":"la-carrera-panamericana-da-inicio-en-soledad-de-graciano-sanchez","status":"publish","type":"post","link":"https:\/\/cronicadesoledad.com\/index.php\/2023\/10\/20\/la-carrera-panamericana-da-inicio-en-soledad-de-graciano-sanchez\/","title":{"rendered":"La Carrera Panamericana da inicio en Soledad de Graciano S\u00e1nchez\u00a0"},"content":{"rendered":"\n<h2 class=\"wp-block-heading\">M\u00e1s de 80 veh\u00edculos cl\u00e1sicos iniciaron la etapa SLP-Monterrey en el Bulevar del Valle de los Fantasmas.<\/h2>\n\n\n\n<p>Ante el p\u00fablico soledense la Alcaldesa Leonor Noyola Cervantes y el Gobernador del Estado Ricardo Gallardo Cardona dieron el banderazo de salida a los participantes de la Carrera Panamericana 2023.&nbsp;<\/p>\n\n\n\n<p>Este arranque se llev\u00f3 a cabo en el reci\u00e9n inaugurado Puente Vehicular Atirantado. El p\u00fablico soledense y de otras partes de la ciudad y aficionados a las carreras se dieron cita para presenciar este emocionante arranque.&nbsp;<\/p>\n\n\n\n<p>Ricardo Cordero, pentacampe\u00f3n de esta carrera, agradeci\u00f3 a las autoridades las facilidades brindadas para realizar este evento, \u201csin el apoyo no hubi\u00e9ramos podido cerrar las carreteras estatales y ense\u00f1arles a los pilotos nacionales e internacionales que vienen a conocer San Luis Potos\u00ed, lo bello que es nuestro estado y el orgullo que tenemos de ser potosinos\u201d.<\/p>\n\n\n\n<p>Adem\u00e1s la Alcaldesa mencion\u00f3 que actualmente Soledad tiene m\u00e1s bondades y caracter\u00edsticas destacables que permite que el municipio pueda albergar este tipo de eventos de gran renombre.\u00a0<\/p>\n\n\n\n<figure class=\"wp-block-image size-full\"><img loading=\"lazy\" decoding=\"async\" width=\"1024\" height=\"682\" src=\"https:\/\/cronicadesoledad.com\/wp-content\/uploads\/2023\/10\/alcaldesa-sdgs-carrera-panamericana.jpeg\" alt=\"\" class=\"wp-image-6459\" srcset=\"https:\/\/cronicadesoledad.com\/wp-content\/uploads\/2023\/10\/alcaldesa-sdgs-carrera-panamericana.jpeg 1024w, https:\/\/cronicadesoledad.com\/wp-content\/uploads\/2023\/10\/alcaldesa-sdgs-carrera-panamericana-300x200.jpeg 300w, https:\/\/cronicadesoledad.com\/wp-content\/uploads\/2023\/10\/alcaldesa-sdgs-carrera-panamericana-768x512.jpeg 768w, https:\/\/cronicadesoledad.com\/wp-content\/uploads\/2023\/10\/alcaldesa-sdgs-carrera-panamericana-696x464.jpeg 696w\" sizes=\"auto, (max-width: 1024px) 100vw, 1024px\" \/><\/figure>\n\n\n\n<p>Para ver m\u00e1s sobre este evento, puedes ver el siguiente video: <a href=\"https:\/\/fb.watch\/nOy5EuUYah\/\" data-type=\"link\" data-id=\"https:\/\/fb.watch\/nOy5EuUYah\/\">https:\/\/fb.watch\/nOy5EuUYah\/<\/a><\/p>\n\n\n\n<p><\/p>\n","protected":false},"excerpt":{"rendered":"<p>M\u00e1s de 80 veh\u00edculos cl\u00e1sicos iniciaron la etapa SLP-Monterrey en el Bulevar del Valle de los Fantasmas. Ante el p\u00fablico soledense la Alcaldesa Leonor Noyola Cervantes y el Gobernador del Estado Ricardo Gallardo Cardona dieron el banderazo de salida a los participantes de la Carrera Panamericana 2023.&nbsp; Este arranque se llev\u00f3 a cabo en el [&hellip;]<\/p>\n","protected":false},"author":6,"featured_media":6460,"comment_status":"open","ping_status":"open","sticky":false,"template":"","format":"standard","meta":{"footnotes":""},"categories":[20,1,24],"tags":[81,443,288,29,177,27],"class_list":{"0":"post-6458","1":"post","2":"type-post","3":"status-publish","4":"format-standard","5":"has-post-thumbnail","7":"category-cronica-deportiva","8":"category-destacadas","9":"category-informacion-general","10":"tag-alcaldesa-soledense","11":"tag-carrera-panamericana","12":"tag-internacional","13":"tag-leonor-noyola","14":"tag-ricardo-gallardo","15":"tag-soledad"},"_links":{"self":[{"href":"https:\/\/cronicadesoledad.com\/index.php\/wp-json\/wp\/v2\/posts\/6458","targetHints":{"allow":["GET"]}}],"collection":[{"href":"https:\/\/cronicadesoledad.com\/index.php\/wp-json\/wp\/v2\/posts"}],"about":[{"href":"https:\/\/cronicadesoledad.com\/index.php\/wp-json\/wp\/v2\/types\/post"}],"author":[{"embeddable":true,"href":"https:\/\/cronicadesoledad.com\/index.php\/wp-json\/wp\/v2\/users\/6"}],"replies":[{"embeddable":true,"href":"https:\/\/cronicadesoledad.com\/index.php\/wp-json\/wp\/v2\/comments?post=6458"}],"version-history":[{"count":1,"href":"https:\/\/cronicadesoledad.com\/index.php\/wp-json\/wp\/v2\/posts\/6458\/revisions"}],"predecessor-version":[{"id":6461,"href":"https:\/\/cronicadesoledad.com\/index.php\/wp-json\/wp\/v2\/posts\/6458\/revisions\/6461"}],"wp:featuredmedia":[{"embeddable":true,"href":"https:\/\/cronicadesoledad.com\/index.php\/wp-json\/wp\/v2\/media\/6460"}],"wp:attachment":[{"href":"https:\/\/cronicadesoledad.com\/index.php\/wp-json\/wp\/v2\/media?parent=6458"}],"wp:term":[{"taxonomy":"category","embeddable":true,"href":"https:\/\/cronicadesoledad.com\/index.php\/wp-json\/wp\/v2\/categories?post=6458"},{"taxonomy":"post_tag","embeddable":true,"href":"https:\/\/cronicadesoledad.com\/index.php\/wp-json\/wp\/v2\/tags?post=6458"}],"curies":[{"name":"wp","href":"https:\/\/api.w.org\/{rel}","templated":true}]}}