{"id":6464,"date":"2023-10-20T19:30:00","date_gmt":"2023-10-21T01:30:00","guid":{"rendered":"https:\/\/cronicadesoledad.com\/?p=6464"},"modified":"2023-10-20T19:15:52","modified_gmt":"2023-10-21T01:15:52","slug":"pareja-de-feminicidas-es-vinculada-a-proceso","status":"publish","type":"post","link":"https:\/\/cronicadesoledad.com\/index.php\/2023\/10\/20\/pareja-de-feminicidas-es-vinculada-a-proceso\/","title":{"rendered":"Pareja de feminicidas es vinculada a proceso"},"content":{"rendered":"\n<p>Una pareja de presuntos feminicidas fue vinculados a proceso, luego de desarrollarse la audiencia inicial, litigadores de la Fiscal\u00eda Especializada en Feminicidios de la Fiscal\u00eda General del Estado de San Luis Potos\u00ed (FGESLP) lograron la vinculaci\u00f3n a proceso de Flor \u201cN\u201d y Margarito \u201cN\u201d por el delito de feminicidio en el municipio de Soledad de Graciano S\u00e1nchez.<\/p>\n\n\n\n<p>Ambos fueron aprehendidos por los elementos de la Polic\u00eda de Investigaci\u00f3n (PDI) de la citada Fiscal\u00eda Especializada y con apoyo de la Secretar\u00eda de la Defensa Nacional (SEDENA) mediante un mandamiento de cateo el 14 de octubre de 2023.<\/p>\n\n\n\n<p>Se les se\u00f1ala por el hecho en donde perdiera la vida una mujer en el mes de febrero de 2023; y cuyo cuerpo de la v\u00edctima se encontrara despu\u00e9s en la v\u00eda p\u00fablica, desmembrado y dentro de una maleta.<\/p>\n\n\n\n<p>En la audiencia, celebrada este 19 de octubre de 2023, el juez escuch\u00f3 los argumentos de los litigadores de la FGESLP, y de la defensa, luego de lo cual dict\u00f3 el citado auto de vinculaci\u00f3n a proceso.<\/p>\n\n\n\n<p>Ambos imputados seguir\u00e1n en prisi\u00f3n preventiva como medida cautelar en el centro de reclusi\u00f3n de la Delegaci\u00f3n de La Pila, en la capital potosina.<\/p>\n\n\n\n<p>Por \u00faltimo, se concedieron tres meses para la investigaci\u00f3n complementaria.<\/p>\n","protected":false},"excerpt":{"rendered":"<p>Una pareja de presuntos feminicidas fue vinculados a proceso, luego de desarrollarse la audiencia inicial, litigadores de la Fiscal\u00eda Especializada en Feminicidios de la Fiscal\u00eda General del Estado de San Luis Potos\u00ed (FGESLP) lograron la vinculaci\u00f3n a proceso de Flor \u201cN\u201d y Margarito \u201cN\u201d por el delito de feminicidio en el municipio de Soledad de [&hellip;]<\/p>\n","protected":false},"author":2,"featured_media":6465,"comment_status":"open","ping_status":"open","sticky":false,"template":"","format":"standard","meta":{"footnotes":""},"categories":[30,1,24,19,21],"tags":[470,471,472,367,294,276,27],"class_list":{"0":"post-6464","1":"post","2":"type-post","3":"status-publish","4":"format-standard","5":"has-post-thumbnail","7":"category-de-la-region-centro","8":"category-destacadas","9":"category-informacion-general","10":"category-seguridad","11":"category-tu-soledad","12":"tag-detenidos","13":"tag-feminicidas","14":"tag-feminicidio","15":"tag-policia","16":"tag-san-luis","17":"tag-seguridad","18":"tag-soledad"},"_links":{"self":[{"href":"https:\/\/cronicadesoledad.com\/index.php\/wp-json\/wp\/v2\/posts\/6464","targetHints":{"allow":["GET"]}}],"collection":[{"href":"https:\/\/cronicadesoledad.com\/index.php\/wp-json\/wp\/v2\/posts"}],"about":[{"href":"https:\/\/cronicadesoledad.com\/index.php\/wp-json\/wp\/v2\/types\/post"}],"author":[{"embeddable":true,"href":"https:\/\/cronicadesoledad.com\/index.php\/wp-json\/wp\/v2\/users\/2"}],"replies":[{"embeddable":true,"href":"https:\/\/cronicadesoledad.com\/index.php\/wp-json\/wp\/v2\/comments?post=6464"}],"version-history":[{"count":1,"href":"https:\/\/cronicadesoledad.com\/index.php\/wp-json\/wp\/v2\/posts\/6464\/revisions"}],"predecessor-version":[{"id":6466,"href":"https:\/\/cronicadesoledad.com\/index.php\/wp-json\/wp\/v2\/posts\/6464\/revisions\/6466"}],"wp:featuredmedia":[{"embeddable":true,"href":"https:\/\/cronicadesoledad.com\/index.php\/wp-json\/wp\/v2\/media\/6465"}],"wp:attachment":[{"href":"https:\/\/cronicadesoledad.com\/index.php\/wp-json\/wp\/v2\/media?parent=6464"}],"wp:term":[{"taxonomy":"category","embeddable":true,"href":"https:\/\/cronicadesoledad.com\/index.php\/wp-json\/wp\/v2\/categories?post=6464"},{"taxonomy":"post_tag","embeddable":true,"href":"https:\/\/cronicadesoledad.com\/index.php\/wp-json\/wp\/v2\/tags?post=6464"}],"curies":[{"name":"wp","href":"https:\/\/api.w.org\/{rel}","templated":true}]}}