{"id":6467,"date":"2023-10-20T20:00:00","date_gmt":"2023-10-21T02:00:00","guid":{"rendered":"https:\/\/cronicadesoledad.com\/?p=6467"},"modified":"2023-10-20T19:19:45","modified_gmt":"2023-10-21T01:19:45","slug":"voluntariado-de-red-a-m-o-r-recibe-capacitacion-institucional","status":"publish","type":"post","link":"https:\/\/cronicadesoledad.com\/index.php\/2023\/10\/20\/voluntariado-de-red-a-m-o-r-recibe-capacitacion-institucional\/","title":{"rendered":"Voluntariado de red &#8220;A.M.O.R&#8221; recibe capacitaci\u00f3n institucional"},"content":{"rendered":"\n<p>La Alcaldesa de Soledad de Graciano S\u00e1nchez, Leonor Noyola Cervantes presidi\u00f3 la capacitaci\u00f3n que este viernes recibieron m\u00e1s de 135 mujeres que se han sumado a la estrategia para prevenir y atender la violencia de g\u00e9nero en el municipio a trav\u00e9s de la Red de Apoyo &#8220;AMOR&#8221;.<\/p>\n\n\n\n<p>Durante esta jornada, las y los asistentes recibieron pl\u00e1ticas y orientaci\u00f3n por parte del personal del Centro de Justicia para Mujeres, de la Comisi\u00f3n Estatal de Derechos Humanos, Instituto de las Mujeres del Estado, Coordinaci\u00f3n del Bienestar del DIF Estatal, la Procuradur\u00eda de Protecci\u00f3n de Ni\u00f1as Ni\u00f1os y Adolescentes (PPNNA), entre otras importantes dependencias estatales.<\/p>\n\n\n\n<p>&nbsp;Leonor Noyola expres\u00f3 su satisfacci\u00f3n por dar continuidad a los esfuerzos de la Red de Apoyo en su lucha por erradicar la violencia de g\u00e9nero en la comunidad y asegur\u00f3 que este evento demuestra el compromiso y la dedicaci\u00f3n de la autoridad municipal de empoderar a las mujeres y brindarles las herramientas necesarias, para enfrentar cualquier tipo de violencia.<\/p>\n\n\n\n<p>&#8220;Hoy damos seguimiento a todos los trabajos que hacemos en nuestro municipio, a ustedes que se han sumado a esta red les agradezco su presencia el d\u00eda de hoy, son bienvenidas y bienvenidos&#8221;, dijo.<\/p>\n\n\n\n<p>La capacitaci\u00f3n que se brind\u00f3 a las voluntarias representa una oportunidad \u00fanica para adquirir conocimientos y habilidades que les permitir\u00e1n desempe\u00f1ar un papel activo en la prevenci\u00f3n y el apoyo a las v\u00edctimas de violencia de g\u00e9nero en la comunidad.<\/p>\n\n\n\n<p>Este evento representa un paso importante en la direcci\u00f3n correcta, destacando la importancia de la colaboraci\u00f3n entre organizaciones y dependencias estatales en la lucha contra la violencia de g\u00e9nero.<\/p>\n\n\n\n<p>Durante esta capacitaci\u00f3n, de m\u00e1s de dos horas, se cont\u00f3 con la presencia del Secretario General del Ayuntamiento, Ernesto de Jes\u00fas Barajas \u00c1brego, Alejandro Serrano Cort\u00e9s, Oficial Mayor del Ayuntamiento; M\u00f3nica Kemp Zamudio, directora del Centro de Justicia para Mujeres, Laura Aguilar P\u00e9rez, primera Visitadora de la Comisi\u00f3n Estatal de Derechos Humanos, as\u00ed como otras importantes autoridades representantes de las dependencias previamente mencionadas.<\/p>\n","protected":false},"excerpt":{"rendered":"<p>La Alcaldesa de Soledad de Graciano S\u00e1nchez, Leonor Noyola Cervantes presidi\u00f3 la capacitaci\u00f3n que este viernes recibieron m\u00e1s de 135 mujeres que se han sumado a la estrategia para prevenir y atender la violencia de g\u00e9nero en el municipio a trav\u00e9s de la Red de Apoyo &#8220;AMOR&#8221;. Durante esta jornada, las y los asistentes recibieron [&hellip;]<\/p>\n","protected":false},"author":2,"featured_media":6468,"comment_status":"open","ping_status":"open","sticky":false,"template":"","format":"standard","meta":{"footnotes":""},"categories":[30,1,24,21],"tags":[474,223,475,29,294,27],"class_list":{"0":"post-6467","1":"post","2":"type-post","3":"status-publish","4":"format-standard","5":"has-post-thumbnail","7":"category-de-la-region-centro","8":"category-destacadas","9":"category-informacion-general","10":"category-tu-soledad","11":"tag-amor","12":"tag-ayuntamiento-soledense","13":"tag-capacitacion","14":"tag-leonor-noyola","15":"tag-san-luis","16":"tag-soledad"},"_links":{"self":[{"href":"https:\/\/cronicadesoledad.com\/index.php\/wp-json\/wp\/v2\/posts\/6467","targetHints":{"allow":["GET"]}}],"collection":[{"href":"https:\/\/cronicadesoledad.com\/index.php\/wp-json\/wp\/v2\/posts"}],"about":[{"href":"https:\/\/cronicadesoledad.com\/index.php\/wp-json\/wp\/v2\/types\/post"}],"author":[{"embeddable":true,"href":"https:\/\/cronicadesoledad.com\/index.php\/wp-json\/wp\/v2\/users\/2"}],"replies":[{"embeddable":true,"href":"https:\/\/cronicadesoledad.com\/index.php\/wp-json\/wp\/v2\/comments?post=6467"}],"version-history":[{"count":1,"href":"https:\/\/cronicadesoledad.com\/index.php\/wp-json\/wp\/v2\/posts\/6467\/revisions"}],"predecessor-version":[{"id":6469,"href":"https:\/\/cronicadesoledad.com\/index.php\/wp-json\/wp\/v2\/posts\/6467\/revisions\/6469"}],"wp:featuredmedia":[{"embeddable":true,"href":"https:\/\/cronicadesoledad.com\/index.php\/wp-json\/wp\/v2\/media\/6468"}],"wp:attachment":[{"href":"https:\/\/cronicadesoledad.com\/index.php\/wp-json\/wp\/v2\/media?parent=6467"}],"wp:term":[{"taxonomy":"category","embeddable":true,"href":"https:\/\/cronicadesoledad.com\/index.php\/wp-json\/wp\/v2\/categories?post=6467"},{"taxonomy":"post_tag","embeddable":true,"href":"https:\/\/cronicadesoledad.com\/index.php\/wp-json\/wp\/v2\/tags?post=6467"}],"curies":[{"name":"wp","href":"https:\/\/api.w.org\/{rel}","templated":true}]}}