{"id":6470,"date":"2023-10-20T20:30:00","date_gmt":"2023-10-21T02:30:00","guid":{"rendered":"https:\/\/cronicadesoledad.com\/?p=6470"},"modified":"2023-10-20T19:22:02","modified_gmt":"2023-10-21T01:22:02","slug":"preparan-apoyos-agricolas-a-productores","status":"publish","type":"post","link":"https:\/\/cronicadesoledad.com\/index.php\/2023\/10\/20\/preparan-apoyos-agricolas-a-productores\/","title":{"rendered":"Preparan apoyos agr\u00edcolas a productores"},"content":{"rendered":"\n<p>El Ayuntamiento de Soledad de Graciano S\u00e1nchez, a trav\u00e9s de la Direcci\u00f3n de Fomento Agropecuario, prepara la firma de un convenio de colaboraci\u00f3n con la Secretar\u00eda de Desarrollo Agropecuario y Recursos Hidr\u00e1ulicos (SEDARH), en el que se apoyar\u00e1 a productores del campo con maquinaria, herramienta e insumos agr\u00edcolas para su actividad.<\/p>\n\n\n\n<p>Esta suma de acciones prioriza el impulso del campo soledense para su desarrollo y fortalecimiento, como estrategia para que todos los sectores de la poblaci\u00f3n tengan las mismas oportunidades y apoyo institucional, dijo Ernesto Jes\u00fas Barajas \u00c1brego, secretario General del Ayuntamiento.<\/p>\n\n\n\n<p>Explic\u00f3 que en pr\u00f3ximos d\u00edas se formalizar\u00e1 este programa con la dependencia estatal, derivado del apoyo del Gobernador del Estado, Ricardo Gallardo Cardona, en el que ambos \u00f3rdenes de gobierno aportar\u00e1n recursos para entregar los insumos y herramientas agr\u00edcolas y que las familias que dependen de esta actividad econ\u00f3mica tengan las condiciones para su sustento.<\/p>\n\n\n\n<p>Agreg\u00f3 que este acuerdo debi\u00f3 votarse en Cabildo, lo cual ocurri\u00f3 este jueves pasado, donde el proyecto presentado fue avalado por unanimidad por las y los integrantes edilicios, para su posterior presentaci\u00f3n y gesti\u00f3n ante la instancia correspondiente.<\/p>\n","protected":false},"excerpt":{"rendered":"<p>El Ayuntamiento de Soledad de Graciano S\u00e1nchez, a trav\u00e9s de la Direcci\u00f3n de Fomento Agropecuario, prepara la firma de un convenio de colaboraci\u00f3n con la Secretar\u00eda de Desarrollo Agropecuario y Recursos Hidr\u00e1ulicos (SEDARH), en el que se apoyar\u00e1 a productores del campo con maquinaria, herramienta e insumos agr\u00edcolas para su actividad. Esta suma de acciones [&hellip;]<\/p>\n","protected":false},"author":2,"featured_media":6471,"comment_status":"open","ping_status":"open","sticky":false,"template":"","format":"standard","meta":{"footnotes":""},"categories":[30,1,21],"tags":[477,446,223,294,27],"class_list":{"0":"post-6470","1":"post","2":"type-post","3":"status-publish","4":"format-standard","5":"has-post-thumbnail","7":"category-de-la-region-centro","8":"category-destacadas","9":"category-tu-soledad","10":"tag-agricolas","11":"tag-apoyo","12":"tag-ayuntamiento-soledense","13":"tag-san-luis","14":"tag-soledad"},"_links":{"self":[{"href":"https:\/\/cronicadesoledad.com\/index.php\/wp-json\/wp\/v2\/posts\/6470","targetHints":{"allow":["GET"]}}],"collection":[{"href":"https:\/\/cronicadesoledad.com\/index.php\/wp-json\/wp\/v2\/posts"}],"about":[{"href":"https:\/\/cronicadesoledad.com\/index.php\/wp-json\/wp\/v2\/types\/post"}],"author":[{"embeddable":true,"href":"https:\/\/cronicadesoledad.com\/index.php\/wp-json\/wp\/v2\/users\/2"}],"replies":[{"embeddable":true,"href":"https:\/\/cronicadesoledad.com\/index.php\/wp-json\/wp\/v2\/comments?post=6470"}],"version-history":[{"count":1,"href":"https:\/\/cronicadesoledad.com\/index.php\/wp-json\/wp\/v2\/posts\/6470\/revisions"}],"predecessor-version":[{"id":6472,"href":"https:\/\/cronicadesoledad.com\/index.php\/wp-json\/wp\/v2\/posts\/6470\/revisions\/6472"}],"wp:featuredmedia":[{"embeddable":true,"href":"https:\/\/cronicadesoledad.com\/index.php\/wp-json\/wp\/v2\/media\/6471"}],"wp:attachment":[{"href":"https:\/\/cronicadesoledad.com\/index.php\/wp-json\/wp\/v2\/media?parent=6470"}],"wp:term":[{"taxonomy":"category","embeddable":true,"href":"https:\/\/cronicadesoledad.com\/index.php\/wp-json\/wp\/v2\/categories?post=6470"},{"taxonomy":"post_tag","embeddable":true,"href":"https:\/\/cronicadesoledad.com\/index.php\/wp-json\/wp\/v2\/tags?post=6470"}],"curies":[{"name":"wp","href":"https:\/\/api.w.org\/{rel}","templated":true}]}}