{"id":6473,"date":"2023-10-20T21:00:00","date_gmt":"2023-10-21T03:00:00","guid":{"rendered":"https:\/\/cronicadesoledad.com\/?p=6473"},"modified":"2023-10-20T19:26:53","modified_gmt":"2023-10-21T01:26:53","slug":"presentaron-actividades-de-festival-de-dia-de-muertos-y-xantolo","status":"publish","type":"post","link":"https:\/\/cronicadesoledad.com\/index.php\/2023\/10\/20\/presentaron-actividades-de-festival-de-dia-de-muertos-y-xantolo\/","title":{"rendered":"Presentaron actividades de festival de D\u00eda de Muertos y Xantolo"},"content":{"rendered":"\n<p>En un ambiente festivo fue presentado el programa del Festival de D\u00eda de Muertos y Xantolo en el municipio de Soledad de Graciano S\u00e1nchez, evento presidido por la Alcaldesa Leonor Noyola Cervantes, quien estuvo acompa\u00f1ada por miembros del Gobierno del Estado; entre bailables t\u00edpicos de esta tradici\u00f3n, se destac\u00f3 la importancia de estas festividades para preservar y celebrar nuestras tradiciones.<\/p>\n\n\n\n<p>Las actividades del festival iniciar\u00e1n el 23 de octubre con el corte de Flor de cempas\u00fachil y comparsas en la localidad de Palma de la Cruz y culminar\u00e1 el 5 de noviembre, con emocionantes recorridos paranormales en el pante\u00f3n municipal 1. Durante estas fechas, las y los habitantes, al igual que las y los visitantes disfrutar\u00e1n de una amplia variedad de actividades culturales y art\u00edsticas.<\/p>\n\n\n\n<p>Entre las actividades destacadas se encuentra el Ritual de bienvenida a Xantolo, que busca honrar y recibir a los esp\u00edritus de los seres queridos que han partido; la inauguraci\u00f3n del Altar de Muertos monumental; el desfile alusivo a Xantolo, la Exposici\u00f3n y recorrido de catrinas llevando consigo la alegr\u00eda y el esp\u00edritu de la tradici\u00f3n; Rodada nocturna y Callejoneada alusiva a Xantolo, en la cual se recorrer\u00e1n las calles del municipio acompa\u00f1ados de m\u00fasica, bailes y alegr\u00eda.<\/p>\n\n\n\n<p>Durante la presentaci\u00f3n de estos eventos, la Alcaldesa Leonor Noyola Cervantes dio la bienvenida a todas y a todos los presentes y detall\u00f3 con gran entusiasmo cada una de las actividades del Festival de D\u00eda de Muertos; asimismo agradeci\u00f3 el respaldo del Gobierno del Estado, destacando la importancia de trabajar en equipo para lograr mejores resultados.<\/p>\n\n\n\n<p>Por su parte, el secretario de Cultura en el Estado, Mario Garc\u00eda Valdez, elogi\u00f3 la iniciativa del Gobernador Ricardo Gallardo Cardona y se comprometi\u00f3 a seguir promoviendo las tradiciones y culturas de todo el Estado.<\/p>\n\n\n\n<p>Por \u00faltimo, para garantizar la seguridad de todas y todos, se dio el banderazo de inicio del operativo de seguridad que estar\u00e1 a cargo de la Coordinaci\u00f3n Municipal de Protecci\u00f3n Civil y el \u00c1rea de Seguridad P\u00fablica de Soledad, y en el cual, se busca que las y los visitantes disfruten de un entorno seguro y tranquilo durante las festividades que prometen ser una experiencia cultural \u00fanica, llena de tradici\u00f3n, alegr\u00eda y color.<\/p>\n","protected":false},"excerpt":{"rendered":"<p>En un ambiente festivo fue presentado el programa del Festival de D\u00eda de Muertos y Xantolo en el municipio de Soledad de Graciano S\u00e1nchez, evento presidido por la Alcaldesa Leonor Noyola Cervantes, quien estuvo acompa\u00f1ada por miembros del Gobierno del Estado; entre bailables t\u00edpicos de esta tradici\u00f3n, se destac\u00f3 la importancia de estas festividades para [&hellip;]<\/p>\n","protected":false},"author":2,"featured_media":6474,"comment_status":"open","ping_status":"open","sticky":false,"template":"","format":"standard","meta":{"footnotes":""},"categories":[30,1,24,21],"tags":[81,223,328,29,294,27,451],"class_list":{"0":"post-6473","1":"post","2":"type-post","3":"status-publish","4":"format-standard","5":"has-post-thumbnail","7":"category-de-la-region-centro","8":"category-destacadas","9":"category-informacion-general","10":"category-tu-soledad","11":"tag-alcaldesa-soledense","12":"tag-ayuntamiento-soledense","13":"tag-dia-de-muertos-2","14":"tag-leonor-noyola","15":"tag-san-luis","16":"tag-soledad","17":"tag-xantolo"},"_links":{"self":[{"href":"https:\/\/cronicadesoledad.com\/index.php\/wp-json\/wp\/v2\/posts\/6473","targetHints":{"allow":["GET"]}}],"collection":[{"href":"https:\/\/cronicadesoledad.com\/index.php\/wp-json\/wp\/v2\/posts"}],"about":[{"href":"https:\/\/cronicadesoledad.com\/index.php\/wp-json\/wp\/v2\/types\/post"}],"author":[{"embeddable":true,"href":"https:\/\/cronicadesoledad.com\/index.php\/wp-json\/wp\/v2\/users\/2"}],"replies":[{"embeddable":true,"href":"https:\/\/cronicadesoledad.com\/index.php\/wp-json\/wp\/v2\/comments?post=6473"}],"version-history":[{"count":1,"href":"https:\/\/cronicadesoledad.com\/index.php\/wp-json\/wp\/v2\/posts\/6473\/revisions"}],"predecessor-version":[{"id":6475,"href":"https:\/\/cronicadesoledad.com\/index.php\/wp-json\/wp\/v2\/posts\/6473\/revisions\/6475"}],"wp:featuredmedia":[{"embeddable":true,"href":"https:\/\/cronicadesoledad.com\/index.php\/wp-json\/wp\/v2\/media\/6474"}],"wp:attachment":[{"href":"https:\/\/cronicadesoledad.com\/index.php\/wp-json\/wp\/v2\/media?parent=6473"}],"wp:term":[{"taxonomy":"category","embeddable":true,"href":"https:\/\/cronicadesoledad.com\/index.php\/wp-json\/wp\/v2\/categories?post=6473"},{"taxonomy":"post_tag","embeddable":true,"href":"https:\/\/cronicadesoledad.com\/index.php\/wp-json\/wp\/v2\/tags?post=6473"}],"curies":[{"name":"wp","href":"https:\/\/api.w.org\/{rel}","templated":true}]}}